{"id":1611,"date":"2020-07-14T15:00:00","date_gmt":"2020-07-14T15:00:00","guid":{"rendered":"http:\/\/buber.net\/Basque\/?p=1611"},"modified":"2020-07-14T03:45:28","modified_gmt":"2020-07-14T03:45:28","slug":"a-magical-view-of-the-basque-country","status":"publish","type":"post","link":"https:\/\/buber.net\/Basque\/2020\/07\/14\/a-magical-view-of-the-basque-country\/","title":{"rendered":"A Magical View of the Basque Country"},"content":{"rendered":"\n<div class=\"wp-block-group\"><div class=\"wp-block-group__inner-container is-layout-flow wp-block-group-is-layout-flow\">\n<div class=\"wp-block-group\"><div class=\"wp-block-group__inner-container is-layout-flow wp-block-group-is-layout-flow\">\n<div class=\"wp-block-image\"><figure class=\"alignright\"><a href=\"http:\/\/buber.net\/Basque\/?attachment_id=1612\" rel=\"attachment wp-att-1612\"><img loading=\"lazy\" decoding=\"async\" width=\"960\" height=\"540\" src=\"https:\/\/buber.net\/Basque\/wp-content\/uploads\/2017\/04\/la-mirada-magica-11.jpg\" alt=\"\" class=\"wp-image-1612\" srcset=\"https:\/\/buber.net\/Basque\/wp-content\/uploads\/2017\/04\/la-mirada-magica-11.jpg 960w, https:\/\/buber.net\/Basque\/wp-content\/uploads\/2017\/04\/la-mirada-magica-11-300x169.jpg 300w, https:\/\/buber.net\/Basque\/wp-content\/uploads\/2017\/04\/la-mirada-magica-11-768x432.jpg 768w\" sizes=\"auto, (max-width: 960px) 100vw, 960px\" \/><\/a><\/figure><\/div>\n\n\n\n<p>In 2001 or so, the Basque television company <a href=\"http:\/\/www.eitb.tv\/\">ETB<\/a>&nbsp;aired a series of videos about the Basque Country entitled <strong><em>Lau Haizeetara<\/em><\/strong> in Euskara and <em><strong>La Mirada Magica<\/strong><\/em> in Spanish. These videos, led by first&nbsp;I\u00f1aki Pangua and later&nbsp;Edu Llorente, explored the land of the Basque Country from helicopter. From what I can tell (my Spanish is not so great),&nbsp;I\u00f1aki and two others died in a helicopter crash during filming and that is when Edu took over.<\/p>\n\n\n\n<p>In any case, these videos explore the Basque Country from a bird&#8217;s eye view. The camera follows the coast, zooms through the mountains, and hovers over cities as the narrator delves into the history and beauty of the Basque Country. Narration is in both Spanish and Euskara.<\/p>\n\n\n\n<p>I first discovered these randomly maybe 10-15 years ago. As I mentioned, my Spanish isn&#8217;t good enough to really follow the narration in depth, so I haven&#8217;t gone through all of them. But simply as a visual feast, these videos are great. That said, I&#8217;ve always thought it would be awesome to have these dubbed into English. Given that there are no actors, one isn&#8217;t dubbing dialog, but narration, and it seems that wouldn&#8217;t be so hard. And these videos would be an excellent introduction to the wonders and majesty of the Basque Country. I can&#8217;t imagine I&#8217;m alone in wanting an English version of these.<\/p>\n\n\n\n<p>In the end, there were 10 chapters, each containing 3 episodes, that explored different parts of the Basque Country. Here are links to them, direct from EiTB&#8217;s website. Enjoy!<\/p>\n\n\n\n<p><strong><a href=\"https:\/\/www.eitb.tv\/es\/embed\/euskal-herria-la-mirada-magica-euskal-herria-la-mirada-magica-i\/4105090806001\/52868\/el-hierro-y-el-mar\/\">1\u00d701 El Hierro Y El Mar: Costa occidental de Bizkaia \/ The Iron and the Sea: The Western Coast of Bizkaia<\/a><\/strong><\/p>\n\n\n\n<p><strong><a href=\"https:\/\/www.eitb.tv\/es\/embed\/euskal-herria-la-mirada-magica-euskal-herria-la-mirada-magica-i\/4105090806001\/52869\/costa-norte-de-vizcaya--una-proa-al-mar\/\">1\u00d702 Una Proa Al Mar: Costa norte de Bizkaia \/ A Bow to the Sea: The Northern Coast of Bizkaia<\/a><\/strong><\/p>\n\n\n\n<p><strong><a href=\"https:\/\/www.eitb.tv\/es\/embed\/euskal-herria-la-mirada-magica-euskal-herria-la-mirada-magica-i\/4105090806001\/52870\/marinos-y-pescadores-la-costa-oriental\/\">1\u00d703 Costa oriental de Bizkaia \/ The Eastern Coast of Bizkaia<\/a><\/strong><\/p>\n\n\n\n<p><strong><a href=\"https:\/\/www.eitb.tv\/es\/embed\/euskal-herria-la-mirada-magica-euskal-herria-la-mirada-magica-i\/4105090806001\/52872\/calas-y-conchas\/\">2\u00d701 Costa occidental de Gipuzkoa \/ The Western Coast of Gipuzkoa<\/a><\/strong><\/p>\n\n\n\n<p><strong><a href=\"https:\/\/www.eitb.tv\/es\/embed\/euskal-herria-la-mirada-magica-euskal-herria-la-mirada-magica-i\/4105090806001\/52871\/costa-oriental-de-guipuzkoa\/\">2\u00d702 Costa Oriental Gipuzkoa \/ The Eastern Coast of Gipuzkoa<\/a><\/strong><\/p>\n\n\n\n<p><strong><a href=\"https:\/\/www.eitb.tv\/es\/embed\/euskal-herria-la-mirada-magica-euskal-herria-la-mirada-magica-i\/4105090806001\/52873\/costa-labordana--aguas-de-reyes\/\">2\u00d703 Costa Labortana \/ The Coast of Lapurdi<\/a><\/strong><\/p>\n\n\n\n<p><strong><a href=\"https:\/\/www.eitb.tv\/es\/embed\/euskal-herria-la-mirada-magica-euskal-herria-la-mirada-magica-i\/4105090806001\/52867\/entre-el-cielo-y-la-tierra-\/\">3\u00d701 Entre El Cielo y La Tierra \/ Between the Sky and the Earth<\/a><\/strong><\/p>\n\n\n\n<p><strong><a href=\"https:\/\/www.eitb.tv\/es\/embed\/euskal-herria-la-mirada-magica-euskal-herria-la-mirada-magica-i\/4105090806001\/52792\/san-sebastian--la-ciudad-del-mar\/\">3\u00d702 La Ciudad Del Mar, San Sebasti\u00e1n \/ The City of the Sea, San\u00a0Sebasti\u00e1n<\/a><\/strong><\/p>\n\n\n\n<p><strong><a href=\"https:\/\/www.eitb.tv\/es\/embed\/euskal-herria-la-mirada-magica-euskal-herria-la-mirada-magica-i\/4105090806001\/52876\/vitoria-gasteiz--la-ciedad-de-los-anillo\/\">3\u00d703 La Ciudad De Los Anillos, Vitoria-Gasteiz \/ The City of the Two Rings, Vitoria-Gasteiz<\/a><\/strong><\/p>\n\n\n\n<p><strong><a href=\"https:\/\/www.eitb.tv\/es\/embed\/euskal-herria-la-mirada-magica-euskal-herria-la-mirada-magica-i\/4105090806001\/52877\/ribera-del-ebro--entre-el-vino-y-el-agua\/\">4\u00d701 Entre El Agua Y El Vino, Ribera Del Ebro \/ Between the Water and the Wine, the Bank of the Ebro<\/a><\/strong><\/p>\n\n\n\n<p><strong><a href=\"https:\/\/www.eitb.tv\/es\/embed\/euskal-herria-la-mirada-magica-euskal-herria-la-mirada-magica-i\/4105090806001\/52878\/pamplona--la-vieja-ciudad\/\">4\u00d702 La Vieja Ciudad, Pamplona \/ The Old City, Pamplona<\/a><\/strong><\/p>\n\n\n\n<p><strong><a href=\"https:\/\/www.eitb.tv\/es\/embed\/euskal-herria-la-mirada-magica-euskal-herria-la-mirada-magica-i\/4105090806001\/52875\/navarra-sur---campos-y-fortalezas\/\">4\u00d703 Campos Y Fortalezas, Navarra Sur \/ Fields and Fortresses, Southern Nafarroa<\/a><\/strong><\/p>\n\n\n\n<p><strong><a href=\"https:\/\/www.eitb.tv\/es\/embed\/euskal-herria-la-mirada-magica-euskal-herria-la-mirada-magica-i\/4105090806001\/57341\/pirineo-atlantico--la-montana-habitada\/\">5\u00d701 La Monta\u00f1a Habitada, Pirineo Atl\u00e1ntico \/ The Inhabited Mountains, the Atlantic Pyrenees<\/a><\/strong><\/p>\n\n\n\n<p><strong><a href=\"https:\/\/www.eitb.tv\/es\/embed\/euskal-herria-la-mirada-magica-euskal-herria-la-mirada-magica-i\/4105090806001\/52879\/la-roca-y-el-agua--alto-pirineo\/\">5\u00d702 La Roca Y El Agua, Alto Pirineo \/ The Rock and the Water, the High Pyrenees<\/a><\/strong><\/p>\n\n\n\n<p><strong><a href=\"https:\/\/www.eitb.tv\/es\/embed\/euskal-herria-la-mirada-magica-euskal-herria-la-mirada-magica-i\/4105090806001\/52888\/a-los-pies-del-orhi--pirineo-central\/\">5\u00d703 A Los Pies Del Orhi, Pirineo Central \/ At the Feet of Orhi, the Central Pyrenees<\/a><\/strong><\/p>\n\n\n\n<p><strong><a href=\"https:\/\/www.eitb.tv\/es\/embed\/euskal-herria-la-mirada-magica-euskal-herria-la-mirada-magica-i\/4105090806001\/52874\/vientos-de-invierno\/\">6\u00d701 Vientos De Invierno \/ Winds of Winter<\/a><\/strong><\/p>\n\n\n\n<p><strong><a href=\"https:\/\/www.eitb.tv\/es\/embed\/euskal-herria-la-mirada-magica-euskal-herria-la-mirada-magica-i\/4105090806001\/52887\/los-valles-profundos-el-deba-y-el-urola\/\">6\u00d702 Los Valles Profundos, El Deba y El Urola \/ The Deep Valleys, Deba and Urola<\/a><\/strong><\/p>\n\n\n\n<p><strong><a href=\"https:\/\/www.eitb.tv\/es\/embed\/euskal-herria-la-mirada-magica-euskal-herria-la-mirada-magica-i\/4105090806001\/52885\/zuberoa-el-paraiso-escondido\/\">6\u00d703 Zuberoa, El Para\u00edso Escondido \/ Zuberoa, the Hidden Paradise<\/a><\/strong><\/p>\n\n\n\n<p><strong><a href=\"https:\/\/www.eitb.tv\/es\/embed\/euskal-herria-la-mirada-magica-euskal-herria-la-mirada-magica-i\/4105090806001\/52882\/un-horizonte-cercano--bizkaia--valles-orientales\/\">7\u00d701 Bizkaia, Valles Orientales \/ The Eastern Valleys of Bizkaia<\/a><\/strong><\/p>\n\n\n\n<p><strong><a href=\"https:\/\/www.eitb.tv\/es\/embed\/euskal-herria-la-mirada-magica-euskal-herria-la-mirada-magica-i\/4105090806001\/52880\/la-montana-interior--bizkaia--valles-occidentales\/\">7\u00d702 Bizkaia, Valles Occidentales \/ The Western Valleys of Bizkaia<\/a><\/strong><\/p>\n\n\n\n<p><strong><a href=\"https:\/\/www.eitb.tv\/es\/embed\/euskal-herria-la-mirada-magica-euskal-herria-la-mirada-magica-i\/4105090806001\/52884\/el-corazon-de-bizkaia\/\">7\u00d703 El Coraz\u00f3n De Bizkaia \/ The Heart of Bizkaia<\/a><\/strong><\/p>\n\n\n\n<p><strong><a href=\"https:\/\/www.eitb.tv\/es\/embed\/euskal-herria-la-mirada-magica-euskal-herria-la-mirada-magica-i\/4105090806001\/52881\/gran-bilbao\/\">8\u00d701 R\u00eda Adentro, El Gran Bilbao \/ Following the River, the Great Bilbao<\/a><\/strong><\/p>\n\n\n\n<p><strong><a href=\"https:\/\/www.eitb.tv\/es\/embed\/euskal-herria-la-mirada-magica-euskal-herria-la-mirada-magica-i\/4105090806001\/52883\/las-tierras-frias--alava--valles-occiden\/\">8\u00d702 Las Tierras Fr\u00edas, \u00c1lava: Valles Occidentales \/ The Cold Lands, the Western Valleys of Araba<\/a><\/strong><\/p>\n\n\n\n<p><strong><a href=\"https:\/\/www.eitb.tv\/es\/embed\/euskal-herria-la-mirada-magica-euskal-herria-la-mirada-magica-i\/4105090806001\/52886\/de-la-llanada-a-la-montana--alava\/\">8\u00d703 De La Llanada A La Monta\u00f1a: \u00c1lava, Valles Orientales \/ From the Plains to the Mountains: The Eastern Valleys of Araba<\/a><\/strong><\/p>\n\n\n\n<p><strong><a href=\"https:\/\/www.eitb.tv\/es\/embed\/euskal-herria-la-mirada-magica-euskal-herria-la-mirada-magica-i\/4105090806001\/52890\/la-navarra-verde\/\">9\u00d701 La Navarra verde \/ Nafarroa the Green<\/a><\/strong><\/p>\n\n\n\n<p><strong><a href=\"https:\/\/www.eitb.tv\/es\/embed\/euskal-herria-la-mirada-magica-euskal-herria-la-mirada-magica-i\/4105090806001\/52891\/la-navarra-del-norte\/\">9\u00d702 La Navarra Del Norte \/ Nafarroa of the North<\/a><\/strong><\/p>\n\n\n\n<p><strong><a href=\"https:\/\/www.eitb.tv\/es\/embed\/euskal-herria-la-mirada-magica-euskal-herria-la-mirada-magica-i\/4105090806001\/52889\/la-isla-interior--el-goierri-y-sus-cimas\/\">9\u00d703 La Isla Interior, El Goierri y Sus Cimas \/ The Interior Island, The Goierri and its Peaks<\/a><\/strong><\/p>\n\n\n\n<p><strong><a href=\"https:\/\/www.eitb.tv\/es\/embed\/euskal-herria-la-mirada-magica-euskal-herria-la-mirada-magica-i\/4105090806001\/52893\/bilbao--la-ciudad\/\">10\u00d701 Bilbao, la ciudad \/ Bilbao, the City<\/a><\/strong><\/p>\n\n\n\n<p><strong><a href=\"https:\/\/www.eitb.tv\/es\/embed\/euskal-herria-la-mirada-magica-euskal-herria-la-mirada-magica-i\/4105090806001\/52892\/baiona-y-lapurdi\/\">10\u00d702 Baiona y Lapurdi \/ Baiona and Lapurdi<\/a><\/strong><\/p>\n\n\n\n<p><strong><a href=\"https:\/\/www.eitb.tv\/es\/embed\/euskal-herria-la-mirada-magica-euskal-herria-la-mirada-magica-i\/4105090806001\/52894\/viaje-a-la-tierra-de-los-vascos-\/\">10\u00d703 Viaje a la tierra de los vascos \/ Trip to the Lands of the Basques<\/a><\/strong><\/p>\n<\/div><\/div>\n<\/div><\/div>\n","protected":false},"excerpt":{"rendered":"<p>In 2001 or so, the Basque television company ETB&nbsp;aired a series of videos about the Basque Country entitled Lau Haizeetara in Euskara and La Mirada Magica in Spanish. These videos, led by first&nbsp;I\u00f1aki Pangua and later&nbsp;Edu Llorente, explored the land of the Basque Country from helicopter. From what I can tell (my Spanish is not [&hellip;]<\/p>\n","protected":false},"author":1,"featured_media":0,"comment_status":"open","ping_status":"open","sticky":false,"template":"","format":"standard","meta":{"advanced_seo_description":"","jetpack_seo_html_title":"","jetpack_seo_noindex":false,"ngg_post_thumbnail":0,"jetpack_post_was_ever_published":false,"_jetpack_newsletter_access":"","_jetpack_dont_email_post_to_subs":false,"_jetpack_newsletter_tier_id":0,"_jetpack_memberships_contains_paywalled_content":false,"_jetpack_memberships_contains_paid_content":false,"footnotes":"","jetpack_publicize_message":"","jetpack_publicize_feature_enabled":true,"jetpack_social_post_already_shared":true,"jetpack_social_options":{"image_generator_settings":{"template":"highway","default_image_id":0,"font":"","enabled":false},"version":2}},"categories":[8,14,577,7],"tags":[22,1146,1147,1148,1149,1150,441],"class_list":["post-1611","post","type-post","status-publish","format-standard","hentry","category-euskadi","category-euskara","category-film","category-travel","tag-basque-country","tag-edu-llorente","tag-euskal-telebista","tag-inaki-pangua","tag-la-mirada-magica","tag-lau-haizeetara","tag-video"],"jetpack_publicize_connections":[],"jetpack_featured_media_url":"","jetpack_sharing_enabled":true,"jetpack_likes_enabled":true,"jetpack_shortlink":"https:\/\/wp.me\/p2sYNu-pZ","_links":{"self":[{"href":"https:\/\/buber.net\/Basque\/wp-json\/wp\/v2\/posts\/1611","targetHints":{"allow":["GET"]}}],"collection":[{"href":"https:\/\/buber.net\/Basque\/wp-json\/wp\/v2\/posts"}],"about":[{"href":"https:\/\/buber.net\/Basque\/wp-json\/wp\/v2\/types\/post"}],"author":[{"embeddable":true,"href":"https:\/\/buber.net\/Basque\/wp-json\/wp\/v2\/users\/1"}],"replies":[{"embeddable":true,"href":"https:\/\/buber.net\/Basque\/wp-json\/wp\/v2\/comments?post=1611"}],"version-history":[{"count":1,"href":"https:\/\/buber.net\/Basque\/wp-json\/wp\/v2\/posts\/1611\/revisions"}],"predecessor-version":[{"id":2767,"href":"https:\/\/buber.net\/Basque\/wp-json\/wp\/v2\/posts\/1611\/revisions\/2767"}],"wp:attachment":[{"href":"https:\/\/buber.net\/Basque\/wp-json\/wp\/v2\/media?parent=1611"}],"wp:term":[{"taxonomy":"category","embeddable":true,"href":"https:\/\/buber.net\/Basque\/wp-json\/wp\/v2\/categories?post=1611"},{"taxonomy":"post_tag","embeddable":true,"href":"https:\/\/buber.net\/Basque\/wp-json\/wp\/v2\/tags?post=1611"}],"curies":[{"name":"wp","href":"https:\/\/api.w.org\/{rel}","templated":true}]}}