{"id":2430,"date":"2020-04-19T15:00:00","date_gmt":"2020-04-19T15:00:00","guid":{"rendered":"http:\/\/buber.net\/Basque\/?p=2430"},"modified":"2020-04-19T15:00:00","modified_gmt":"2020-04-19T15:00:00","slug":"basque-fact-of-the-week-the-war-of-the-bands","status":"publish","type":"post","link":"https:\/\/buber.net\/Basque\/2020\/04\/19\/basque-fact-of-the-week-the-war-of-the-bands\/","title":{"rendered":"Basque Fact of the Week: The War of the Bands"},"content":{"rendered":"\n<p>It&#8217;s the late 1300s. The <a href=\"https:\/\/en.wikipedia.org\/wiki\/Castilian_Civil_War\">Castilian Civil War<\/a> just ended and families in the Basque Country are jockeying for political power in the vacuum left behind. Old feuds that have simmered for centuries ignite. Families build towers to fortify their lands and their surroundings. The <em>aide (or ahaide) nagusiak<\/em>, the leading kinsmen, gather strength. War erupts between two families and their associated allies. This is the War of the Bands.<\/p>\n\n\n\n<div class=\"wp-block-image\"><figure class=\"alignright size-large is-resized\"><img loading=\"lazy\" decoding=\"async\" src=\"https:\/\/i0.wp.com\/buber.net\/Basque\/wp-content\/uploads\/2020\/03\/2709-Emsime-2015.jpg?fit=474%2C265\" alt=\"\" class=\"wp-image-2431\" width=\"337\" height=\"188\" srcset=\"https:\/\/buber.net\/Basque\/wp-content\/uploads\/2020\/03\/2709-Emsime-2015.jpg 1200w, https:\/\/buber.net\/Basque\/wp-content\/uploads\/2020\/03\/2709-Emsime-2015-300x168.jpg 300w, https:\/\/buber.net\/Basque\/wp-content\/uploads\/2020\/03\/2709-Emsime-2015-1024x573.jpg 1024w, https:\/\/buber.net\/Basque\/wp-content\/uploads\/2020\/03\/2709-Emsime-2015-768x429.jpg 768w\" sizes=\"auto, (max-width: 337px) 100vw, 337px\" \/><figcaption><a href=\"https:\/\/apps.euskadi.eus\/emsime\/catalogo\/museo-coleccion-museo-de-bellas-artes-de-alava-\/autoria-echenagusia-jose-hondarribia-gipuzkoa-01-02-1844-roma-31-01-1912-\/titulo-la-pacificacion-de-los-bandos-onacino-y-gamboino-ante-el-corregidor-gonzalo-moro-en-1394\/objeto-pintura-\/ciuVerFicha\/museo-1\/ninv-2709\">La pacificaci\u00f3n de los bandos o\u00f1acino y gambo\u00edno ante el corregidor Gonzalo Moro en 1394<\/a>, painted by Jos\u00e9 Echenagus\u00eda around 1902, and on display in Museo de Bellas Artes de \u00c1lava. <\/figcaption><\/figure><\/div>\n\n\n\n<ul class=\"wp-block-list\"><li>The war began as a series of street fights, first in Bilbao in 1362 and later in the markets of Bermeo in 1413, between the Legizamon and Zurbar\u00e1n families. Other actors joined in and fighting continued in earnest until at least 1433. Other families fought each other, including an alliance of the Gamboas, the Alzates, and the Baldas in Gipzkuoa who fought Juan de Saint Pedro and his allies the O\u00f1az and the Lezcano. As men died and fortresses burned on both sides, new feuds developed.<\/li><li>The main source we have about the War of the Bands comes from one <a href=\"http:\/\/aunamendi.eusko-ikaskuntza.eus\/eu\/salazar-lope-garcia-de\/ar-120360\/\">Lope Garc\u00eda de Salazar<\/a> and his <em>Las Bienandan\u00e7as e fortunas<\/em> &#8212; <em>Book of Luck and Happy Chances<\/em>. Written near the end of his life, this 25-volume work traces the history of the world, from the creation through Israel, Greece and Rome, to Spain, and ultimately to the events of his own life. He played a large role in the War of the Bands and his accounts are one of our best sources for medieval Basque history.<\/li><li>The war, or maybe more properly blood feuds, was an attempt by the aide nagusiak, the leading kinsmen or elder relatives, to exert that status to consolidate power and form a local nobility. By leveraging ties of kinship through land and its production, these elders tried to create their own fiefdoms, but were only moderately successful, becoming, at best, &#8220;lords without lordships,&#8221; or lords without formal titles.<\/li><li>While the Wars started out as inter-family fighting, as the self-proclaimed lords tried to exert power over surrounding towns, it seems to have evolved into a rural-vs-urban conflict. As these lords tried to control their neighboring towns, those towns, which had a very different view of social order and commercial development, pushed back. This ultimately led to the governing boards, or juntas generals, gaining authority within the cities.<\/li><li>It can be argued (as it is by <a href=\"http:\/\/aunamendi.eusko-ikaskuntza.eus\/es\/las-guerras-de-bandos\/ar-153913\/\">Jos\u00e9 \u00c1ngel Ach\u00f3n Insausti<\/a>) that, through this process of first men exerting power and then cities responding by establishing their own authority, the Basque concepts of <a href=\"https:\/\/en.wikipedia.org\/wiki\/Hidalgo_(nobility)#The_Basques_and_universal_nobility\">universal nobility<\/a> and self-government that are central to the fueros came to be. <\/li><\/ul>\n\n\n\n<p>Primary sources: <a href=\"https:\/\/en.wikipedia.org\/wiki\/War_of_the_Bands\">Wikipedia<\/a>; Ach\u00f3n Insausti, Jos\u00e9 \u00c1ngel; <em>Las Guerras de Bandos<\/em>. Enciclopedia Au\u00f1amendi, 2020. Available at: <a href=\"http:\/\/aunamendi.eusko-ikaskuntza.eus\/es\/las-guerras-de-bandos\/ar-153913\/\">http:\/\/aunamendi.eusko-ikaskuntza.eus\/es\/las-guerras-de-bandos\/ar-153913\/<\/a><\/p>\n","protected":false},"excerpt":{"rendered":"<p>It&#8217;s the late 1300s. The Castilian Civil War just ended and families in the Basque Country are jockeying for political power in the vacuum left behind. Old feuds that have simmered for centuries ignite. Families build towers to fortify their lands and their surroundings. The aide (or ahaide) nagusiak, the leading kinsmen, gather strength. War [&hellip;]<\/p>\n","protected":false},"author":1,"featured_media":0,"comment_status":"open","ping_status":"open","sticky":false,"template":"","format":"standard","meta":{"advanced_seo_description":"","jetpack_seo_html_title":"","jetpack_seo_noindex":false,"ngg_post_thumbnail":0,"jetpack_post_was_ever_published":false,"_jetpack_newsletter_access":"","_jetpack_dont_email_post_to_subs":false,"_jetpack_newsletter_tier_id":0,"_jetpack_memberships_contains_paywalled_content":false,"_jetpack_memberships_contains_paid_content":false,"footnotes":"","jetpack_publicize_message":"","jetpack_publicize_feature_enabled":true,"jetpack_social_post_already_shared":true,"jetpack_social_options":{"image_generator_settings":{"template":"highway","default_image_id":0,"font":"","enabled":false},"version":2}},"categories":[836,13],"tags":[1841,1842,1843,1844,1845,369,102,1846,333,1847,1848,1849,1850,1851,1852,1853,1854,1855,1856,1514,1857],"class_list":["post-2430","post","type-post","status-publish","format-standard","hentry","category-basque-fact-of-the-week","category-history","tag-ahaide-nagusiak","tag-aide-nagusiak","tag-alzate","tag-balda","tag-banda-gerrak","tag-bermeo","tag-bilbao","tag-castilian-civil-war","tag-fueros","tag-gamboa","tag-guerra-de-los-bandos","tag-jose-angel-achon-insausti","tag-junta-general","tag-las-bienandancas-e-fortunas","tag-legizamon","tag-lezcano","tag-lope-garcia-de-salazar","tag-onaz","tag-universal-nobility","tag-war-of-the-bands","tag-zubaran"],"jetpack_publicize_connections":[],"jetpack_featured_media_url":"","jetpack_sharing_enabled":true,"jetpack_likes_enabled":true,"jetpack_shortlink":"https:\/\/wp.me\/p2sYNu-Dc","_links":{"self":[{"href":"https:\/\/buber.net\/Basque\/wp-json\/wp\/v2\/posts\/2430","targetHints":{"allow":["GET"]}}],"collection":[{"href":"https:\/\/buber.net\/Basque\/wp-json\/wp\/v2\/posts"}],"about":[{"href":"https:\/\/buber.net\/Basque\/wp-json\/wp\/v2\/types\/post"}],"author":[{"embeddable":true,"href":"https:\/\/buber.net\/Basque\/wp-json\/wp\/v2\/users\/1"}],"replies":[{"embeddable":true,"href":"https:\/\/buber.net\/Basque\/wp-json\/wp\/v2\/comments?post=2430"}],"version-history":[{"count":0,"href":"https:\/\/buber.net\/Basque\/wp-json\/wp\/v2\/posts\/2430\/revisions"}],"wp:attachment":[{"href":"https:\/\/buber.net\/Basque\/wp-json\/wp\/v2\/media?parent=2430"}],"wp:term":[{"taxonomy":"category","embeddable":true,"href":"https:\/\/buber.net\/Basque\/wp-json\/wp\/v2\/categories?post=2430"},{"taxonomy":"post_tag","embeddable":true,"href":"https:\/\/buber.net\/Basque\/wp-json\/wp\/v2\/tags?post=2430"}],"curies":[{"name":"wp","href":"https:\/\/api.w.org\/{rel}","templated":true}]}}