{"id":3975,"date":"2020-12-13T15:00:00","date_gmt":"2020-12-13T15:00:00","guid":{"rendered":"https:\/\/buber.net\/Basque\/?p=3975"},"modified":"2020-12-13T21:39:11","modified_gmt":"2020-12-13T21:39:11","slug":"basque-fact-of-the-week-jose-antonio-aguirre-y-lecube-the-first-basque-president","status":"publish","type":"post","link":"https:\/\/buber.net\/Basque\/2020\/12\/13\/basque-fact-of-the-week-jose-antonio-aguirre-y-lecube-the-first-basque-president\/","title":{"rendered":"Basque Fact of the Week: Jos\u00e9 Antonio Aguirre y Lecube, the First Basque President"},"content":{"rendered":"\n<p>Today, the three Basque provinces of Araba, Bizkaia and Gipuzkoa form the Basque Autonomous Community (BAC), a political entity within Spain that is led by the <a href=\"https:\/\/en.wikipedia.org\/wiki\/Lehendakari\">Lehendakari<\/a>, or President, of the BAC. However, if we look back in time, the first Lehendakari presided over a very different government. The first Basque government was formed from <a href=\"https:\/\/en.wikipedia.org\/wiki\/Statute_of_Autonomy_of_the_Basque_Country_of_1936\">the Statute of Autonomy<\/a> and was almost immediately forced to flee once Bilbao fell in the Spanish Civil War, becoming a government in exile until after Franco&#8217;s death. The head of that first Basque government was Jos\u00e9 Antonio Aguirre y Lecube.   <\/p>\n\n\n\n<div class=\"wp-block-image\"><figure class=\"alignright size-large is-resized\"><img loading=\"lazy\" decoding=\"async\" src=\"https:\/\/buber.net\/Basque\/wp-content\/uploads\/2020\/10\/aguirre.png\" alt=\"\" class=\"wp-image-3976\" width=\"344\" height=\"241\" srcset=\"https:\/\/buber.net\/Basque\/wp-content\/uploads\/2020\/10\/aguirre.png 869w, https:\/\/buber.net\/Basque\/wp-content\/uploads\/2020\/10\/aguirre-300x211.png 300w, https:\/\/buber.net\/Basque\/wp-content\/uploads\/2020\/10\/aguirre-768x539.png 768w\" sizes=\"auto, (max-width: 344px) 100vw, 344px\" \/><figcaption>Jose Antonio Aguirre Lecube. Image from <a href=\"https:\/\/www.euskadi.eus\/contenidos\/informacion\/06_revista_euskaletxeak\/en_ee\/adjuntos\/63_i.pdf\">Euskal Etxeak 63, 2004<\/a>.<\/figcaption><\/figure><\/div>\n\n\n\n<ul class=\"wp-block-list\"><li>Aguirre was born in Bilbao in 1904. He essentially became head of the family when his father died in 1920. He attended the <a href=\"https:\/\/en.wikipedia.org\/wiki\/University_of_Deusto\">University of Deusto<\/a> where he studied law. Before entering politics, Aguirre was both a soccer player for Athletic Bilbao (he was part of the team that won the <a href=\"https:\/\/en.wikipedia.org\/wiki\/Copa_del_Rey\">Copa del Rey<\/a> in 1932) and the head of his family&#8217;s chocolate business. His first foray into public life was as president of the Catholic Youth of Bizkaia. In 1931, when he was 27 years old, he was elected mayor of Getxo and then as a deputy to the <a href=\"https:\/\/en.wikipedia.org\/wiki\/Constituent_Cortes\">Constituent Cortes<\/a>.<\/li><li>In 1936, early in the Spanish Civil War, the Spanish Cortes passed the Statute of Autonomy of the Basque Country, effectively creating an independent Basque Country. On October 7, a convocation of mayors was held in Gernika and they elected Aguirre Lehendakari, or president, of the new government.<\/li><li>It wasn&#8217;t long, however, before Bilbao fell to Franco&#8217;s forces; on June 19, 1937 to be exact. Aguirre escaped first to Paris, then to Barcelona, and finally to Belgium where he found himself when World War II broke out. Ironically, hunted by the Nazis, he hid under their noses in Berlin until he was ultimately able to make his way to New York via a circuitous route that took him to Sweden, Brazil, and Uruguay. He traveled to the Americas as the Panamanian Dr. Jos\u00e9 \u00c1lvarez Lastra, accompanied by his Venezuelan wife, Mar\u00eda de Arrigorriaga (who was his real wife Mar\u00eda Zabala), and their two children. He later recounted this adventure and his pursuit by Franco&#8217;s agents in his book <em><a href=\"https:\/\/unpress.nevada.edu\/books\/?view=author&amp;author=Aguirre,%20Jose%20Antonio\">Escape via Berlin<\/a><\/em>. In New York, he became a professor of history at Columbia University.<\/li><li>He resigned from Columbia in 1946, writing (as quoted by Gloria Totoricag\u00fcena in <a href=\"http:\/\/www.euskonews.eus\/0245zbk\/kosmo24501.html\">EuskoNews<\/a>): \u201cMy duty lies with my Basque people\u2019s cause of freedom and with the cause of Iberian freedom. \u2026 Only those of us who come to these lands of freedom exiled by tyranny can appreciate the deep human understanding to be found in America and the hope it symbolizes for all\u2026. Someday, perhaps soon, we Basque shall return again to our freed country and once again open the Basque University which General Franco closed in his systematic persecution of our culture.\u201d<\/li><li>He returned to Paris in 1945 from where he led the Basque government in exile until his death in 1960. He collaborated with the allied governments, particularly the United States, placing the network of exiles he had at hand in the service of the CIA. However, as fears of the spread of communism rose, the support the Basque government in exile had from the United States eroded as they instead shifted support to the anti-communist Franco regime. <\/li><\/ul>\n\n\n\n<p>Primary sources: Estorn\u00e9s Lasa, Mariano [et al.].\u00a0<em>Aguirre Lecube, Jos\u00e9 Antonio<\/em>. Au\u00f1amendi Encyclopedia, 2020. Available at: <a href=\"http:\/\/aunamendi.eusko-ikaskuntza.eus\/en\/aguirre-lecube-jose-antonio\/ar-7038\/\">http:\/\/aunamendi.eusko-ikaskuntza.eus\/en\/aguirre-lecube-jose-antonio\/ar-7038\/<\/a>; <a href=\"https:\/\/en.wikipedia.org\/wiki\/Jos\u00e9_Antonio_Aguirre_(politician)\">Wikipedia<\/a>; <a href=\"https:\/\/www.euskadi.eus\/contenidos\/informacion\/06_revista_euskaletxeak\/en_ee\/adjuntos\/63_i.pdf\"><em>Euskal Etxeak<\/em> 63, 2004<\/a>.<\/p>\n","protected":false},"excerpt":{"rendered":"<p>Today, the three Basque provinces of Araba, Bizkaia and Gipuzkoa form the Basque Autonomous Community (BAC), a political entity within Spain that is led by the Lehendakari, or President, of the BAC. However, if we look back in time, the first Lehendakari presided over a very different government. The first Basque government was formed from [&hellip;]<\/p>\n","protected":false},"author":1,"featured_media":3976,"comment_status":"open","ping_status":"open","sticky":false,"template":"","format":"standard","meta":{"advanced_seo_description":"","jetpack_seo_html_title":"","jetpack_seo_noindex":false,"ngg_post_thumbnail":0,"jetpack_post_was_ever_published":false,"_jetpack_newsletter_access":"","_jetpack_dont_email_post_to_subs":false,"_jetpack_newsletter_tier_id":0,"_jetpack_memberships_contains_paywalled_content":false,"_jetpack_memberships_contains_paid_content":false,"footnotes":"","jetpack_publicize_message":"","jetpack_publicize_feature_enabled":true,"jetpack_social_post_already_shared":true,"jetpack_social_options":{"image_generator_settings":{"template":"highway","default_image_id":0,"font":"","enabled":false},"version":2}},"categories":[836,13,19],"tags":[765,23,102,2295,2292,2293,1700,285,2294,974,208,2291],"class_list":["post-3975","post","type-post","status-publish","format-standard","has-post-thumbnail","hentry","category-basque-fact-of-the-week","category-history","category-people","tag-athletic-bilbao","tag-basque-government","tag-bilbao","tag-communism","tag-constituent-cortes","tag-escape-via-berlin","tag-first-statute-of-autonomy","tag-franco","tag-government-in-exile","tag-jose-antonio-aguirre","tag-lehendakari","tag-university-of-deusto"],"jetpack_publicize_connections":[],"jetpack_featured_media_url":"https:\/\/buber.net\/Basque\/wp-content\/uploads\/2020\/10\/aguirre.png","jetpack_sharing_enabled":true,"jetpack_likes_enabled":true,"jetpack_shortlink":"https:\/\/wp.me\/p2sYNu-127","_links":{"self":[{"href":"https:\/\/buber.net\/Basque\/wp-json\/wp\/v2\/posts\/3975","targetHints":{"allow":["GET"]}}],"collection":[{"href":"https:\/\/buber.net\/Basque\/wp-json\/wp\/v2\/posts"}],"about":[{"href":"https:\/\/buber.net\/Basque\/wp-json\/wp\/v2\/types\/post"}],"author":[{"embeddable":true,"href":"https:\/\/buber.net\/Basque\/wp-json\/wp\/v2\/users\/1"}],"replies":[{"embeddable":true,"href":"https:\/\/buber.net\/Basque\/wp-json\/wp\/v2\/comments?post=3975"}],"version-history":[{"count":5,"href":"https:\/\/buber.net\/Basque\/wp-json\/wp\/v2\/posts\/3975\/revisions"}],"predecessor-version":[{"id":4191,"href":"https:\/\/buber.net\/Basque\/wp-json\/wp\/v2\/posts\/3975\/revisions\/4191"}],"wp:featuredmedia":[{"embeddable":true,"href":"https:\/\/buber.net\/Basque\/wp-json\/wp\/v2\/media\/3976"}],"wp:attachment":[{"href":"https:\/\/buber.net\/Basque\/wp-json\/wp\/v2\/media?parent=3975"}],"wp:term":[{"taxonomy":"category","embeddable":true,"href":"https:\/\/buber.net\/Basque\/wp-json\/wp\/v2\/categories?post=3975"},{"taxonomy":"post_tag","embeddable":true,"href":"https:\/\/buber.net\/Basque\/wp-json\/wp\/v2\/tags?post=3975"}],"curies":[{"name":"wp","href":"https:\/\/api.w.org\/{rel}","templated":true}]}}