{"id":4309,"date":"2021-07-25T15:00:00","date_gmt":"2021-07-25T15:00:00","guid":{"rendered":"https:\/\/buber.net\/Basque\/?p=4309"},"modified":"2021-06-21T13:58:39","modified_gmt":"2021-06-21T13:58:39","slug":"basque-fact-of-the-week-saint-ignatius-founder-of-the-jesuits","status":"publish","type":"post","link":"https:\/\/buber.net\/Basque\/2021\/07\/25\/basque-fact-of-the-week-saint-ignatius-founder-of-the-jesuits\/","title":{"rendered":"Basque Fact of the Week: Saint Ignatius, Founder of the Jesuits"},"content":{"rendered":"\n<p><em>Note that, if you get this post via email, the return-to address goes no where, so please write <a href=\"mailto:blas@buber.net\">blas@buber.net<\/a> if you want to get in touch with me.<\/em><\/p>\n\n\n\n<p>Basques were relatively late-comers to Christianity, holding on to their pre-Christian ways longer than many of their neighbors. However, when they did embrace the new religion, they often did so with great fervor. This devotion led more than one Basque to become leaders of the faith. Saint Ignatius is the most widely recognized of these Basques. His feast day is celebrated by Basques all over the world. As the founder of the Society of Jesus &#8211; the Jesuits &#8211; his impact on the lives of people all over the world cannot be understated.<\/p>\n\n\n\n<div class=\"wp-block-image\"><figure class=\"alignright size-large is-resized\"><img loading=\"lazy\" decoding=\"async\" src=\"https:\/\/buber.net\/Basque\/wp-content\/uploads\/2021\/01\/Ignatius-Window-for-OMM-Website-e1560353892811-1024x540.jpg\" alt=\"\" class=\"wp-image-4311\" width=\"256\" height=\"135\" srcset=\"https:\/\/buber.net\/Basque\/wp-content\/uploads\/2021\/01\/Ignatius-Window-for-OMM-Website-e1560353892811-1024x540.jpg 1024w, https:\/\/buber.net\/Basque\/wp-content\/uploads\/2021\/01\/Ignatius-Window-for-OMM-Website-e1560353892811-300x158.jpg 300w, https:\/\/buber.net\/Basque\/wp-content\/uploads\/2021\/01\/Ignatius-Window-for-OMM-Website-e1560353892811-768x405.jpg 768w, https:\/\/buber.net\/Basque\/wp-content\/uploads\/2021\/01\/Ignatius-Window-for-OMM-Website-e1560353892811-1536x810.jpg 1536w, https:\/\/buber.net\/Basque\/wp-content\/uploads\/2021\/01\/Ignatius-Window-for-OMM-Website-e1560353892811.jpg 1791w\" sizes=\"auto, (max-width: 256px) 100vw, 256px\" \/><figcaption>St. Ignatius of Loyola. Image from <a href=\"https:\/\/missionandministry.georgetown.edu\/mission\/st-ignatius-of-loyola\/\">Georgetown University<\/a>. <\/figcaption><\/figure><\/div>\n\n\n\n<ul class=\"wp-block-list\"><li>The man who would become Saint Ignatius, I\u00f1igo L\u00f3pez de O\u00f1az y Loyola, was born on October 23, 1491 in <a href=\"https:\/\/en.wikipedia.org\/wiki\/Azpeitia\">Azpeitia<\/a>, Gipuzkoa, in the Castle of Loyola (now part of the <a href=\"https:\/\/loyola.global\/en\/\">Sanctuary of Loyola<\/a>) to parents of noble descent. I\u00f1igo was the youngest of thirteen children. As he grew up, he became a soldier, first as a page to a relative. As a young man, he desired fame and glory, and had a reputation for womanizing and vanity, and used his privileged status to escape punishment for various crimes. <\/li><li>On May 20, 1521, at the <a href=\"https:\/\/en.wikipedia.org\/wiki\/List_of_battles_of_the_Italian_Wars#Pampeluna\">Battle of Pamplona<\/a>, a cannonball, bouncing off a wall, shattered his leg. He was taken back to his father&#8217;s castle where he recovered. His leg ended up shorter than before, effectively ending his military career. <\/li><li>It was during his recovery that he underwent his spiritual conversion. Without access to the chivalric adventures of his childhood heroes such as <a href=\"https:\/\/en.wikipedia.org\/wiki\/El_Cid\">El Cid<\/a>, he read religious texts given to him by his sister-in-law. When he recovered, he gave up his fine clothes and weapons and lived a life of poverty, begging for room and food, and set off for the Holy Land. On the way, he spent months praying in a cave, shunning all fleshly pleasures, and began formulating what became his <em><a href=\"https:\/\/en.wikipedia.org\/wiki\/Spiritual_Exercises_of_Ignatius_of_Loyola\">Spiritual Exercises<\/a><\/em>.<\/li><li>When he returned, he attended first the University of Alcal\u00e1 and then the University of Paris. It was during this time that he met a number of other devout men, particularly <a href=\"https:\/\/en.wikipedia.org\/wiki\/Peter_Faber\">Peter Faber<\/a> and <a href=\"https:\/\/en.wikipedia.org\/wiki\/Francis_Xavier\">Francis Xavier<\/a> (more on him in a future Fact), who together founded the <a href=\"https:\/\/en.wikipedia.org\/wiki\/Society_of_Jesus\">Society of Jesus<\/a>, or the Jesuits, in 1539. Ignatius was the first Superior General, or head, of the Jesuits. in 1553, the Jesuits adopted the Jesuit Constitutions, written by Ignatius with the help of his secretary, which proscribed the motto <em>perinde ac cadaver<\/em>&nbsp;&#8211; &#8220;as if a dead body&#8221; &#8211; meaning that they should be as disciplined as a corpse.<\/li><li>Ignatius died on July 31, 1556, a day celebrated as his feast day. He was canonized March 12, 1622. He is the patron saint of Bizkaia and Gipuzkoa and the Basque Country, and co-patron of Araba. He is also the patron of soldiers and various cities around the world. <\/li><\/ul>\n\n\n\n<p>Primary sources: <a href=\"https:\/\/en.wikipedia.org\/wiki\/Ignatius_of_Loyola\">Ignatius of Loyola<\/a>, Wikipedia; Larra\u00f1aga Elorza, Koldo; Larra\u00f1aga Elorza, Koldo.&nbsp;<em>Loyola, Ignacio de<\/em>. Enciclopedia Au\u00f1amendi, 2021. Available at: <a href=\"http:\/\/aunamendi.eusko-ikaskuntza.eus\/es\/loyola-ignacio-de\/ar-96790\/\">http:\/\/aunamendi.eusko-ikaskuntza.eus\/es\/loyola-ignacio-de\/ar-96790\/<\/a><\/p>\n","protected":false},"excerpt":{"rendered":"<p>Note that, if you get this post via email, the return-to address goes no where, so please write blas@buber.net if you want to get in touch with me. Basques were relatively late-comers to Christianity, holding on to their pre-Christian ways longer than many of their neighbors. However, when they did embrace the new religion, they [&hellip;]<\/p>\n","protected":false},"author":1,"featured_media":4311,"comment_status":"open","ping_status":"open","sticky":false,"template":"","format":"standard","meta":{"advanced_seo_description":"","jetpack_seo_html_title":"","jetpack_seo_noindex":false,"ngg_post_thumbnail":0,"jetpack_post_was_ever_published":false,"_jetpack_newsletter_access":"","_jetpack_dont_email_post_to_subs":false,"_jetpack_newsletter_tier_id":0,"_jetpack_memberships_contains_paywalled_content":false,"_jetpack_memberships_contains_paid_content":false,"footnotes":"","jetpack_publicize_message":"","jetpack_publicize_feature_enabled":true,"jetpack_social_post_already_shared":true,"jetpack_social_options":{"image_generator_settings":{"template":"highway","default_image_id":0,"font":"","enabled":false},"version":2}},"categories":[836,19],"tags":[293,2541,2542,2545,2539,1113,2544,2538,2540,2546,2543],"class_list":["post-4309","post","type-post","status-publish","format-standard","has-post-thumbnail","hentry","category-basque-fact-of-the-week","category-people","tag-azpeitia","tag-battle-of-pamplona","tag-el-cid","tag-francis-xavier","tag-inigo-lopez-de-onaz-y-loyola","tag-jesuits","tag-peter-faber","tag-saint-ignatius","tag-sanctuary-of-loyola","tag-society-of-jesus","tag-spiritual-exercises"],"jetpack_publicize_connections":[],"jetpack_featured_media_url":"https:\/\/buber.net\/Basque\/wp-content\/uploads\/2021\/01\/Ignatius-Window-for-OMM-Website-e1560353892811.jpg","jetpack_sharing_enabled":true,"jetpack_likes_enabled":true,"jetpack_shortlink":"https:\/\/wp.me\/p2sYNu-17v","_links":{"self":[{"href":"https:\/\/buber.net\/Basque\/wp-json\/wp\/v2\/posts\/4309","targetHints":{"allow":["GET"]}}],"collection":[{"href":"https:\/\/buber.net\/Basque\/wp-json\/wp\/v2\/posts"}],"about":[{"href":"https:\/\/buber.net\/Basque\/wp-json\/wp\/v2\/types\/post"}],"author":[{"embeddable":true,"href":"https:\/\/buber.net\/Basque\/wp-json\/wp\/v2\/users\/1"}],"replies":[{"embeddable":true,"href":"https:\/\/buber.net\/Basque\/wp-json\/wp\/v2\/comments?post=4309"}],"version-history":[{"count":4,"href":"https:\/\/buber.net\/Basque\/wp-json\/wp\/v2\/posts\/4309\/revisions"}],"predecessor-version":[{"id":4701,"href":"https:\/\/buber.net\/Basque\/wp-json\/wp\/v2\/posts\/4309\/revisions\/4701"}],"wp:featuredmedia":[{"embeddable":true,"href":"https:\/\/buber.net\/Basque\/wp-json\/wp\/v2\/media\/4311"}],"wp:attachment":[{"href":"https:\/\/buber.net\/Basque\/wp-json\/wp\/v2\/media?parent=4309"}],"wp:term":[{"taxonomy":"category","embeddable":true,"href":"https:\/\/buber.net\/Basque\/wp-json\/wp\/v2\/categories?post=4309"},{"taxonomy":"post_tag","embeddable":true,"href":"https:\/\/buber.net\/Basque\/wp-json\/wp\/v2\/tags?post=4309"}],"curies":[{"name":"wp","href":"https:\/\/api.w.org\/{rel}","templated":true}]}}