{"id":5295,"date":"2022-03-07T15:00:00","date_gmt":"2022-03-07T15:00:00","guid":{"rendered":"https:\/\/buber.net\/Basque\/?p=5295"},"modified":"2022-03-08T13:28:39","modified_gmt":"2022-03-08T13:28:39","slug":"fighting-basques-pete-t-cenarrusa-love-for-all-things-basque","status":"publish","type":"post","link":"https:\/\/buber.net\/Basque\/2022\/03\/07\/fighting-basques-pete-t-cenarrusa-love-for-all-things-basque\/","title":{"rendered":"Fighting Basques: Pete T. Cenarrusa, Love for All Things Basque"},"content":{"rendered":"\n<p><em>This article originally appeared in <a href=\"https:\/\/www.euskalkultura.eus\/euskara\/blogak\/bi-gerren-oihartzuna-1936-45\/pete-t-cenarrusa-errotik-euskalduna?fbclid=IwAR19eJI0T6wXeRWrbzSn71Kz6p27sllwHxyvKcAUh9IGgV0ifw5OAoPwFAE\">Basque<\/a> and <a href=\"https:\/\/www.euskalkultura.eus\/espanol\/blogs\/ecos-de-2-guerras-1936-45\/pete-t-cenarrusa-amor-por-lo-vasco?fbclid=IwAR3swsYLzD2hCGPrYgk78NiCAyjhJB7NaVaXTss1gs5RPn3rPmR3-m9Iw0c\">Spanish<\/a> at Euskalkultura.eus on November 23, 2021.<\/em><\/p>\n\n\n\n<p><em>In memory of Gorka Aulestia (1932-2021)<\/em><\/p>\n\n\n\n<div class=\"wp-block-image is-style-rounded\"><figure class=\"aligncenter size-full\"><img loading=\"lazy\" decoding=\"async\" width=\"850\" height=\"566\" src=\"https:\/\/buber.net\/Basque\/wp-content\/uploads\/2022\/01\/pete-cenarrusa-001.jpg\" alt=\"\" class=\"wp-image-5296\" srcset=\"https:\/\/buber.net\/Basque\/wp-content\/uploads\/2022\/01\/pete-cenarrusa-001.jpg 850w, https:\/\/buber.net\/Basque\/wp-content\/uploads\/2022\/01\/pete-cenarrusa-001-300x200.jpg 300w, https:\/\/buber.net\/Basque\/wp-content\/uploads\/2022\/01\/pete-cenarrusa-001-768x511.jpg 768w\" sizes=\"auto, (max-width: 850px) 100vw, 850px\" \/><figcaption>A smiling Pete Cenarrusa poses in 2009 on his farm in Fish Creek, Idaho (photo Glenn Oakley\u00a9. <a href=\"https:\/\/lavalake.files.wordpress.com\/2009\/12\/pete_lbiskay.jpg\">https:\/\/lavalake.files.wordpress.com\/2009\/12\/pete_lbiskay.jpg<\/a>)<\/figcaption><\/figure><\/div>\n\n\n\n<div class=\"perfect-pullquote vcard pullquote-align-right pullquote-border-placement-left\" style=\"font-size:12px !important;\"><blockquote><p style=\"font-size:12px !important;\">&#8220;Echoes of two wars, 1936-1945&#8221; aims to disseminate the stories of those Basques and Navarrese who participated in two of the warfare events that defined the future of much of the 20th century. With this blog, the intention of the <a href=\"http:\/\/www.sanchodebeurko.org\">Sancho de Beurko Association<\/a> is to rescue from anonymity the thousands of people who constitute the backbone of the historical memory of the Basque and Navarre communities, on both sides of the Pyrenees, and their diasporas of emigrants and descendants, with a primary emphasis on the United States, during the period from 1936 to 1945.<br><br><strong><em>THE AUTHORS<br><\/em>Guillermo Tabernilla<\/strong> is a researcher and founder of the Sancho de Beurko Association, a non-profit organization that studies the history of the Basques and Navarrese from both sides of the Pyrenees in the Spanish Civil War and in World War II. He is currently their secretary and community manager. He is also editor of the digital magazine Saibigain. Between 2008 and 2016 he directed the catalog of the \u201cIron Belt\u201d for the Heritage Directorate of the Basque Government and is, together with Pedro J. Oiarzabal, principal investigator of the Fighting Basques Project, a memory project on the Basques and Navarrese in the Second World War in collaboration with the federation of Basque Organizations of North America.<br><br><strong>Pedro J. Oiarzabal<\/strong> is a Doctor in Political Science-Basque Studies, granted by the University of Nevada, Reno (USA). For two decades, his work has focused on research and consulting on public policies (citizenship abroad and return), diasporas and new technologies, and social and historical memory (oral history, migration and exile), with special emphasis on the Basque case. He is the author of more than twenty publications. He has authored the blog \u201cBasque Identity 2.0\u201d by EITB and \u201cDiaspora Bizia\u201d by EuskalKultura.eus. On Twitter @Oiarzabal.<br><br><strong>Josu M. Aguirregabiria<\/strong> is a researcher and founder of the Sancho de Beurko Association and is currently its president. A specialist in the Civil War in \u00c1lava, he is the author of several publications related to this topic, among which \u201cLa batalla de Villarreal de \u00c1lava\u201d (2015) y \u201cSeis d\u00edas de guerra en el frente de \u00c1lava. Comienza la ofensiva de Mola\u201d (2018) stand out.<\/p><\/blockquote><\/div>\n\n\n\n<p>Pete Cenarrusa passed away on September 29, 2013 at the age of 95 in Boise, Idaho. With him we lost possibly one of the last figures of his time to go down in history for his commitment to the Basque Country. The son of Bizkaian emigrants, Pete was a prominent Republican politician in the State of Idaho with an international profile like no other. He fought against both the Franco regime and advocated a peaceful resolution of the Basque conflict, based on the defense of human rights. Due to his involvement in Basque politics, he was demonized and ridiculed, even after his death, by the most extreme block of Spanish nationalism while, on the other hand, he was welcomed within Basque nationalism as one of their own.<\/p>\n\n\n\n<p>Along with the brothers <a href=\"https:\/\/buber.net\/Basque\/2020\/07\/06\/fighting-basques-the-laxalts-a-basque-family-serving-the-united-states-1941-1945\/\">Paul and Robert Laxalt<\/a>, Pete Cenarrusa was one of the most influential and well-known Basque-Americans in the United States, in the diaspora, and in Euskadi. In 1983 he was inducted into the &#8220;Basque Hall of Fame&#8221; of the <a href=\"https:\/\/nabasque.eus\/sbsa.html\">Society for Basque Studies in America<\/a>. In 2000, he was awarded the &#8220;Universal Basque&#8221; award by the Sabino Arana Foundation, and, in 2010, the Bizkaia Provincial Council bestowed upon him the \u201cIllustrious Bizkaia\u201d distinction.<\/p>\n\n\n\n<p>Pete Thomas Cenarruza Gardoqui was born on December 16, 1917 in the small town of <a href=\"https:\/\/cityofcarey.org\">Carey<\/a> in Blaine County, Idaho, the son of Jos\u00e9 Mar\u00eda \u201cJoe\u201d Cenarruzabeitia (Cenarruza) Muguira and Ramona Gardoqui Bilbao. At the age of 17, in 1907, Jos\u00e9, born in <a href=\"https:\/\/buber.net\/Basque\/2022\/01\/16\/basque-fact-of-the-week-munitibar-arbatzegi-gerrikaitz\/\">Arbatzegi<\/a> in 1889, emigrated to the United States aboard the steamer <em>Noordam<\/em>. Other compatriots sailed along with him, including Jos\u00e9 Urberuaga, 20 years old and also a native of Arbatzegi; Domingo Arrizabalaga, 17, from Ere\u00f1o; and Rosa Aldecoa, 24, from Navarniz, and her nephew Jos\u00e9 Iturri, who was only 4 years old, of Ispaster. Their final destination was <a href=\"https:\/\/www.cityofboise.org\">Boise<\/a>. They were all part of a Basque emigration trend that had begun decades earlier. Like the vast majority of Basque immigrants at that time, Jos\u00e9 began his working life in the sheep industry as a shepherd. In 1909 he was joined by his brother Pedro, born in 1891. Within a few years, with the money saved between the two, they were able to start their own sheep business in <a href=\"https:\/\/en.wikipedia.org\/wiki\/Wood_River_Valley\">Wood River Valley<\/a>, in the Carey area, settling in the city of <a href=\"https:\/\/www.bellevueidaho.us\">Bellevue<\/a>. Jos\u00e9 and Pedro were partners until 1935. In the midst of the Great Depression they separated, continuing their successful sheep-raising businesses until their respective retirements.<\/p>\n\n\n\n<p>At the age of 23, Ramona Gardoqui Bilbao arrived in New York in 1914, her destination being the city of <a href=\"http:\/\/www.shoshonecity.com\">Shoshone<\/a>, Idaho, a town where her cousin, Domingo Soloaga Arrasate, who had arrived in 1901, ran a Basque pension or boarding house. Ramona, born in <a href=\"http:\/\/turismo.gernika-lumo.eus\/en-US\/Pages\/default.aspx\">Gernika<\/a> in 1890, worked for Domingo as a cook until she met Jos\u00e9 during a stay at the pension. Shortly after they married, a union that produced five children: Nieves, Pete, Luis, Juanita, and Lucia.<\/p>\n\n\n\n<div class=\"wp-block-image is-style-rounded\"><figure class=\"aligncenter size-full\"><img loading=\"lazy\" decoding=\"async\" width=\"850\" height=\"524\" src=\"https:\/\/buber.net\/Basque\/wp-content\/uploads\/2022\/01\/pete-cenarrusa-002.jpg\" alt=\"\" class=\"wp-image-5297\" srcset=\"https:\/\/buber.net\/Basque\/wp-content\/uploads\/2022\/01\/pete-cenarrusa-002.jpg 850w, https:\/\/buber.net\/Basque\/wp-content\/uploads\/2022\/01\/pete-cenarrusa-002-300x185.jpg 300w, https:\/\/buber.net\/Basque\/wp-content\/uploads\/2022\/01\/pete-cenarrusa-002-768x473.jpg 768w\" sizes=\"auto, (max-width: 850px) 100vw, 850px\" \/><figcaption>Bizkaians Jos\u00e9 Cenarrusa and Ramona Gardoqui made the USA their home like so many other Basques (Victoria Cenarrusa\u00a9 Findagrave.com)<\/figcaption><\/figure><\/div>\n\n\n\n<p>Pete grew up in Bellevue, where he attended elementary and high school. Like many other children of Basque immigrants, Pete only spoke Basque when he first entered school. In 1936 he went to the University of Idaho, in Moscow, graduating in 1940 with a degree in agricultural science. During his time in college he competed with the varsity boxing team, being a member of the school&#8217;s first <a href=\"https:\/\/en.wikipedia.org\/wiki\/NCAA_Boxing_Championship\">National Collegiate Boxing Champion<\/a> team. He would continue to compete as a boxer during his service in the Marine Corps during World War II [1]. The possibilities offered by the United States, together with the effort and sacrifice of the emigrant generation, made possible, to a large extent, the educational and socioeconomic advancement of the first generation of Basques born in the country. This was the case with Pete.<\/p>\n\n\n\n<p>Upon graduation, Pete got a job teaching high school (agriculture and chemistry) and coaching football, basketball, and boxing at <a href=\"https:\/\/cambridgeidaho.com\">Cambridge<\/a>, Idaho during the 1940-1941 school year and then at Carey during the 1941-1942 school year. His family had moved to Carey. Patrick Bieter tells us how \u201cPete had always wanted to fly, had taken an Army Air Corps test [in 1940], and was reflecting upon the Nazi wildfire now threatening to destroy all of Europe. He wondered if the responsible thing to do was to enlist and be ready when the inevitable war broke out [\u2026] Pearl Harbor ended his turmoil. Pete went to the neighboring town of Twin Falls to enlist in the Army Air Corps on a Sunday shortly after the bombing of Pearl Harbor. The army office was closed and would reopen on Monday\u2014a teaching day for Pete; he would not be free. He was informed that the navy recruiter was in Twin Falls and that he was available on Sundays. Pete volunteered to be a naval aviator.\u201d [2]<\/p>\n\n\n\n<div class=\"wp-block-image is-style-rounded\"><figure class=\"aligncenter size-full\"><img loading=\"lazy\" decoding=\"async\" width=\"850\" height=\"550\" src=\"https:\/\/buber.net\/Basque\/wp-content\/uploads\/2022\/01\/pete-cenarrusa-003.jpg\" alt=\"\" class=\"wp-image-5298\" srcset=\"https:\/\/buber.net\/Basque\/wp-content\/uploads\/2022\/01\/pete-cenarrusa-003.jpg 850w, https:\/\/buber.net\/Basque\/wp-content\/uploads\/2022\/01\/pete-cenarrusa-003-300x194.jpg 300w, https:\/\/buber.net\/Basque\/wp-content\/uploads\/2022\/01\/pete-cenarrusa-003-768x497.jpg 768w\" sizes=\"auto, (max-width: 850px) 100vw, 850px\" \/><figcaption>Promoted to first lieutenant, Pete Cenarrusa spent his military career in the Marine Corps throughout WWII, and in the reserves until 1963 (photo courtesy of Freda Coates and the Basque Museum and Cultural Center, Boise).<\/figcaption><\/figure><\/div>\n\n\n\n<p>After entering the Naval Aviation Corps as a cadet in July 1942, Pete received basic and advanced aviation training at Marine Corps barracks in Seattle and Pasco, Washington, and later Corpus Christi, Texas, popularly known as the &#8220;<a href=\"https:\/\/www.usni.org\/magazines\/naval-history-magazine\/2013\/may\/corpus-christis-university-air\">University of the Air<\/a>.&#8221; There he received his pilot&#8217;s wings and was commissioned as a second lieutenant on April 16, 1943, into the Marine Corps Reserve (Naval Aviation Cadet) with a naval aviator designation. In December 1943, Pete was promoted to first lieutenant. At Air University, Pete was a flight instructor for naval aviation cadets for 18 months until October, 1944, at which time he was transferred first to&nbsp;the Naval Auxiliary Air Station at Cuddihy, Florida, and then to Jacksonville to train fighter pilots to fly <a href=\"https:\/\/en.wikipedia.org\/wiki\/Vought_F4U_Corsair\">Corsair fighter jets<\/a>.<\/p>\n\n\n\n<p>After completing the required carrier landings in an F-4U Corsair, which he performed on the aircraft carrier <em><a href=\"https:\/\/en.wikipedia.org\/wiki\/USS_Wolverine_(IX-64)\">USS Wolverine<\/a><\/em> on Lake Michigan, Pete was sent to <a href=\"https:\/\/en.wikipedia.org\/wiki\/Marine_Corps_Air_Station_El_Toro\">Marine Corps Air Station El Toro<\/a>, near Irvine, California, with maritime service orders, being assigned to the <a href=\"https:\/\/en.wikipedia.org\/wiki\/462nd_Tactical_Fighter_Squadron\">462nd Fighter Squadron<\/a> (VMF-462) of the 4th Wing of the Marine Corps.<\/p>\n\n\n\n<p>He was later sent to <a href=\"https:\/\/www.cherrypoint.marines.mil\">Cherry Point, North Carolina<\/a>, to transition to the <a href=\"https:\/\/en.wikipedia.org\/wiki\/Curtiss_SB2C_Helldiver\">SB2C Helldiver<\/a> dive bomber, joining the 932nd Scouting Squadron (VMSB-932) of <a href=\"https:\/\/en.wikipedia.org\/wiki\/9th_Marine_Aircraft_Wing\">9th Marine Aircraft Wing<\/a>, Marine Aircraft Group 34, in preparation for the invasion of Japan. However, the dropping of the atomic bombs brought about the end of the war and he never saw action. In October 1945, Pete was with the 934th Marine Scouting Bombardment Squadron, <a href=\"https:\/\/en.wikipedia.org\/wiki\/Marine_Aircraft_Group_93\">Marine Aircraft Group 93<\/a>, at <a href=\"https:\/\/en.wikipedia.org\/wiki\/Marine_Corps_Auxiliary_Landing_Field_Bogue\">Bogue<\/a>, Morehead City, North Carolina.<\/p>\n\n\n\n<p>In January 1946 he was back at Cherry Point with the 932nd Squadron. Pete \u201cthen&nbsp;went into the inactive reserve [as captain of the Marine Corps reserve in the spring of 1946], where he flew with VMF 216 Squadron [Marine Fighting Squadron 216] in Spokane, Washington until his retirement in July 1963 with the rank of Major. Pete,\u201d continues Bieter, \u201cfollowed as a private pilot who flew for 59 years without an accident. He logged over 15,000 hours of flight time, most of which were in the operation of his family business.\u201d [3] His passion for and pride of flying, like that of many young people of his generation, kept him going throughout his life.<\/p>\n\n\n\n<div class=\"wp-block-image is-style-rounded\"><figure class=\"aligncenter size-full\"><img loading=\"lazy\" decoding=\"async\" width=\"850\" height=\"550\" src=\"https:\/\/buber.net\/Basque\/wp-content\/uploads\/2022\/01\/pete-cenarrusa-004.jpg\" alt=\"\" class=\"wp-image-5299\" srcset=\"https:\/\/buber.net\/Basque\/wp-content\/uploads\/2022\/01\/pete-cenarrusa-004.jpg 850w, https:\/\/buber.net\/Basque\/wp-content\/uploads\/2022\/01\/pete-cenarrusa-004-300x194.jpg 300w, https:\/\/buber.net\/Basque\/wp-content\/uploads\/2022\/01\/pete-cenarrusa-004-768x497.jpg 768w\" sizes=\"auto, (max-width: 850px) 100vw, 850px\" \/><figcaption>Pete Cenarrusa proudly displays a model of an F-4U Corsair, the plane that he flew during WWII and which hung from the ceiling of his office (Courtesy Idaho Statesman. April 15, 1997)<\/figcaption><\/figure><\/div>\n\n\n\n<p>After the war, between 1948 and 1950, Pete worked for the Veterans Administration and for Idaho Vocational Education as an itinerant vocational agricultural teacher, teaching, on farms in rural Blaine County, military veterans who had returned from the war and needed classes in agriculture in southeastern Idaho. In his spare time, he gave flying lessons on a <a href=\"https:\/\/commemorativeairforce.org\/aircraft\/75\">PT-26 aircraft<\/a>, a war surplus plane he purchased after the war. One of his students, young Freda Coates, born in 1928 in <a href=\"https:\/\/www.rupert-idaho.com\/about-rupert\">Rupert<\/a>, Idaho, to a sheep family, became his wife of 65 years. They had a son in 1948, whom they named Joe. He tragically passed away in a plane crash in 1997.<\/p>\n\n\n\n<p>Between 1954 and 2000, Pete and Freda successfully ran their own sheep business with operations in Idaho, Nevada, Arizona, and California. In 1950 Pete entered politics, being elected a Representative of the Idaho House of Representatives. He served nine terms, three of which he was elected Speaker of the House. Beginning in 1967, he served as Idaho&#8217;s Secretary of State, a run that lasted for nearly 36 years. He retired in 2003. Bieter reminds us that, upon his retirement, Pete \u201cwas the longest serving State official in the history of the State of Idaho.\u201d [4] He was replaced by his right-hand man, the Basque-American <a href=\"https:\/\/en.wikipedia.org\/wiki\/Ben_Ysursa\">Benito &#8220;Ben&#8221; T. Ysursa<\/a>, who held the position until 2015.<\/p>\n\n\n\n<div class=\"wp-block-image is-style-rounded\"><figure class=\"aligncenter size-full\"><img loading=\"lazy\" decoding=\"async\" width=\"850\" height=\"550\" src=\"https:\/\/buber.net\/Basque\/wp-content\/uploads\/2022\/01\/pete-cenarrusa-005.jpg\" alt=\"\" class=\"wp-image-5300\" srcset=\"https:\/\/buber.net\/Basque\/wp-content\/uploads\/2022\/01\/pete-cenarrusa-005.jpg 850w, https:\/\/buber.net\/Basque\/wp-content\/uploads\/2022\/01\/pete-cenarrusa-005-300x194.jpg 300w, https:\/\/buber.net\/Basque\/wp-content\/uploads\/2022\/01\/pete-cenarrusa-005-768x497.jpg 768w\" sizes=\"auto, (max-width: 850px) 100vw, 850px\" \/><figcaption>After WWII, Freda Coates and Pete Cenarrusa got married. They were together for 65 years (Boise State University, <a href=\"https:\/\/www.boisestate.edu\/archives\/2017\/01\/30\/pete-t-cenarrusa\">https:\/\/www.boisestate.edu\/archives\/2017\/01\/30\/pete-t-cenarrusa<\/a>).<\/figcaption><\/figure><\/div>\n\n\n\n<p>52 years ago, Pete began his own international political career by rallying political support in defense of 16 young Basques accused, among other crimes, of the murder of the policeman <a href=\"https:\/\/en.wikipedia.org\/wiki\/Melit\u00f3n_Manzanas\">Melit\u00f3n Manzanas<\/a> and the civil guard Jos\u00e9 Pardines in 1968. The proceedings became known as the War Council of Burgos or the <a href=\"https:\/\/en.wikipedia.org\/wiki\/Burgos_trials\">Burgos trials<\/a> (December 3-9, 1970). His appeals led then-Governor <a href=\"https:\/\/en.wikipedia.org\/wiki\/Don_Samuelson\">Don Samuelson<\/a> of Idaho to write Generalissimo <a href=\"https:\/\/en.wikipedia.org\/wiki\/Francisco_Franco\">Francisco Franco<\/a> a letter of denunciation as well as a few hundred Boise Basques to send Franco a telegram rejecting the military trial. Shortly after, in 1971, Pete and his family visited the country of their ancestors for the first time. Pete would return shortly, in 1977. According to Bieter, upon his return to Idaho in 1971, Pete joined &#8220;Anaiak Danok,&#8221; a group dedicated to raising money for &#8220;Anai Artean&#8221; of Iparralde, whose objective was to help families of <a href=\"https:\/\/en.wikipedia.org\/wiki\/ETA_(separatist_group)\">ETA<\/a> members.<\/p>\n\n\n\n<p>Meanwhile, Pete&#8217;s father passed away on October 27, 1972 in <a href=\"https:\/\/www.haileycityhall.org\">Hailey<\/a>, Blaine County. Four months later, his mother also passed away. In 1972, Pete promoted the Idaho Joint Memorial No. 115, condemning Franco&#8217;s dictatorship while urging peace and democracy in Euskadi. Thirty years later, Pete was one of the promoters of <a href=\"https:\/\/legislature.idaho.gov\/sessioninfo\/2002\/legislation\/sjm114\/\">Idaho Joint Memorial No. 114<\/a>, which supported the Basque People&#8217;s right to self-determination, while calling for an end to ETA&#8217;s violence, as well as that carried out by the Spanish government.<\/p>\n\n\n\n<p>Pete became the perfect host for the first delegations of the newly reinstated Basque Government. In 1988, Lehendakari <a href=\"https:\/\/en.wikipedia.org\/wiki\/Jos\u00e9_Antonio_Ardanza\">Jos\u00e9 Antonio Ardanza<\/a> made his first tour of the Basque communities of the American West, including Idaho, where he was received by Pete and then-Governor of the State, <a href=\"https:\/\/en.wikipedia.org\/wiki\/Cecil_Andrus\">Cecil Andrus<\/a>. Paul Laxalt, a close friend of President <a href=\"https:\/\/en.wikipedia.org\/wiki\/Ronald_Reagan\">Ronald Reagan<\/a>, arranged a meeting between him and Ardanza at the White House, which Pete also attended. It was possibly one of the greatest milestones in Basque foreign policy to date.<\/p>\n\n\n\n<figure class=\"wp-block-embed is-type-video is-provider-youtube wp-block-embed-youtube wp-embed-aspect-4-3 wp-has-aspect-ratio\"><div class=\"wp-block-embed__wrapper\">\n<iframe loading=\"lazy\" title=\"President Reagan&#039;s Photo Opportunities on March 21-22, 1988\" width=\"474\" height=\"356\" src=\"https:\/\/www.youtube.com\/embed\/nFx3FU2rfkA?feature=oembed\" frameborder=\"0\" allow=\"accelerometer; autoplay; clipboard-write; encrypted-media; gyroscope; picture-in-picture; web-share\" referrerpolicy=\"strict-origin-when-cross-origin\" allowfullscreen><\/iframe>\n<\/div><figcaption>The video shows the meeting between Lehendakari Ardanza and President Reagan accompanied by Gloria Urteaga (Ardanza&#8217;s wife), Joseba Arregi, Pete Cenarrusa, Paul Laxalt, and Roy Eiguren, among others. (Reagan Library, March 21-22, 1988).<\/figcaption><\/figure>\n\n\n\n<p>In 1994, on the occasion of the inauguration of the Basque American Foundation (among other objectives), predecessor of the <a href=\"https:\/\/basquetrade.spri.eus\/en\/offices\/usa\/\">Delegation of the Basque Government in the USA<\/a>, Lehendakari Ardanza made a second trip to North America. Pete and Governor Andrus accompanied him to Washington DC where the creation of the foundation became official. On this trip, the Lehendakari had the opportunity to meet with US Vice President <a href=\"https:\/\/en.wikipedia.org\/wiki\/Al_Gore\">Al Gore<\/a> at the White House.<\/p>\n\n\n\n<div class=\"wp-block-image is-style-rounded\"><figure class=\"aligncenter size-full\"><img loading=\"lazy\" decoding=\"async\" width=\"850\" height=\"556\" src=\"https:\/\/buber.net\/Basque\/wp-content\/uploads\/2022\/01\/pete-cenarrusa-006.jpg\" alt=\"\" class=\"wp-image-5301\" srcset=\"https:\/\/buber.net\/Basque\/wp-content\/uploads\/2022\/01\/pete-cenarrusa-006.jpg 850w, https:\/\/buber.net\/Basque\/wp-content\/uploads\/2022\/01\/pete-cenarrusa-006-300x196.jpg 300w, https:\/\/buber.net\/Basque\/wp-content\/uploads\/2022\/01\/pete-cenarrusa-006-768x502.jpg 768w\" sizes=\"auto, (max-width: 850px) 100vw, 850px\" \/><figcaption>Pete Cenarrusa poses with Lehendakari Ardanza and Governor Andrus (on the right) during the inauguration in 1994 of the representation of the American Basque Foundation (photo by Joseba Etxarri\u00a9 courtesy of Euskalkultura.eus).<\/figcaption><\/figure><\/div>\n\n\n\n<p>In 2003, Pete and Freda established the Cenarrusa Center for Basque Studies (today the <a href=\"https:\/\/www.cenarrusa.org\">Cenarrusa Foundation for Basque Culture<\/a>). In 2009, Pete wrote his memoir with Quane Kenyon, <em>Bizkaia to Boise: The Memoirs of Pete T. Cenarrusa<\/em>, which he published on his 92nd birthday. Pete was a member of the <a href=\"https:\/\/www.basquecenter.com\">Euzkaldunak Basque Center<\/a> in Boise.<\/p>\n\n\n\n<p>The Basque diaspora and the State of Idaho lost an important and irreplaceable advocate with Pete&#8217;s death. He was buried with full military honors in Bellevue Cemetery where his parents and son are buried.<\/p>\n\n\n\n<div class=\"wp-block-image is-style-rounded\"><figure class=\"aligncenter size-full\"><img loading=\"lazy\" decoding=\"async\" width=\"850\" height=\"567\" src=\"https:\/\/buber.net\/Basque\/wp-content\/uploads\/2022\/01\/pete-cenarrusa-007.jpg\" alt=\"\" class=\"wp-image-5302\" srcset=\"https:\/\/buber.net\/Basque\/wp-content\/uploads\/2022\/01\/pete-cenarrusa-007.jpg 850w, https:\/\/buber.net\/Basque\/wp-content\/uploads\/2022\/01\/pete-cenarrusa-007-300x200.jpg 300w, https:\/\/buber.net\/Basque\/wp-content\/uploads\/2022\/01\/pete-cenarrusa-007-768x512.jpg 768w\" sizes=\"auto, (max-width: 850px) 100vw, 850px\" \/><figcaption>The Idaho National Guard Joint Honor Guard salutes Pete Cenarrusa, the longest-serving elected official in Idaho State history, at a changing of the guard, in the rotunda of the State Capitol, Boise (photo by Katherine Jones\u00a9 courtesy of Idaho Statesman).<\/figcaption><\/figure><\/div>\n\n\n\n<p>[1, 2, 3, 4] Bieter, Patrick J. (1999). \u201cPete Cenarrusa. Idaho\u2019s Champion of Basque Culture,\u201d in Richard Etulain and Jeronima Echeverria, <em>Portraits of Basques in the New World<\/em>. Reno: University of Nevada Press. Pp. 172-191.<\/p>\n\n\n\n<p><em>Collaborate with &#8216;Echoes of two wars, 1936-1945.&#8217;<\/em><\/p>\n\n\n\n<p><em>If you want to collaborate with &#8220;Echoes of two wars&#8221; send us an original article on any aspect of WWII or the Civil War and Basque or Navarre participation to the following email: <em><a href=\"mailto:sanchobeurko@gmail.com\">sanchobeurko@gmail.com<\/a><\/em><\/em><\/p>\n\n\n\n<p><em>Articles selected for publication will receive a signed copy of &#8220;<a rel=\"noreferrer noopener\" href=\"https:\/\/www.despertaferro-ediciones.com\/revistas\/numero\/combatientes-vascos-en-la-segunda-guerra-mundial\/\" target=\"_blank\">Combatientes Vascos en la Segunda Guerra Mundial<\/a>.&#8221;<\/em><\/p>\n","protected":false},"excerpt":{"rendered":"<p>This article originally appeared in Basque and Spanish at Euskalkultura.eus on November 23, 2021. In memory of Gorka Aulestia (1932-2021) Pete Cenarrusa passed away on September 29, 2013 at the age of 95 in Boise, Idaho. With him we lost possibly one of the last figures of his time to go down in history for [&hellip;]<\/p>\n","protected":false},"author":1,"featured_media":5296,"comment_status":"open","ping_status":"open","sticky":false,"template":"","format":"standard","meta":{"advanced_seo_description":"","jetpack_seo_html_title":"","jetpack_seo_noindex":false,"ngg_post_thumbnail":0,"jetpack_post_was_ever_published":false,"_jetpack_newsletter_access":"","_jetpack_dont_email_post_to_subs":false,"_jetpack_newsletter_tier_id":0,"_jetpack_memberships_contains_paywalled_content":false,"_jetpack_memberships_contains_paid_content":false,"footnotes":"","jetpack_publicize_message":"","jetpack_publicize_feature_enabled":true,"jetpack_social_post_already_shared":true,"jetpack_social_options":{"image_generator_settings":{"template":"highway","default_image_id":0,"font":"","enabled":false},"version":2}},"categories":[1958],"tags":[26,3203,3199,3206,2438,97,1154,3207,2476,28,1181,3204,3210,3205,2437,3208,1966,2658,3202,2431,159,728,3209,738,1936,3200,3201,246],"class_list":["post-5295","post","type-post","status-publish","format-standard","has-post-thumbnail","hentry","category-fighting-basques","tag-arbatzegi","tag-aviation","tag-bellevue-idaho","tag-benito-ysursa","tag-cenarrusa-foundation-for-basque-culture","tag-eta","tag-euskadi-ta-askatasuna","tag-francisco-franco","tag-freda-coates","tag-gernika","tag-guillermo-tabernilla","tag-idaho-house-of-representatives","tag-idaho-joint-memorial","tag-idaho-secretary-of-state","tag-jose-antonio-ardanza","tag-jose-maria-cenarruzabeitia-muguira","tag-josu-aguirregabiria","tag-marine-corps","tag-patrick-bieter","tag-paul-laxalt","tag-pedro-oiarzabal","tag-pete-cenarrusa","tag-ramona-gardoqui-bilbao","tag-robert-laxalt","tag-sancho-de-beurko-association","tag-shoshone-idaho","tag-university-of-idaho","tag-world-war-ii"],"jetpack_publicize_connections":[],"jetpack_featured_media_url":"https:\/\/buber.net\/Basque\/wp-content\/uploads\/2022\/01\/pete-cenarrusa-001.jpg","jetpack_sharing_enabled":true,"jetpack_likes_enabled":true,"jetpack_shortlink":"https:\/\/wp.me\/p2sYNu-1np","_links":{"self":[{"href":"https:\/\/buber.net\/Basque\/wp-json\/wp\/v2\/posts\/5295","targetHints":{"allow":["GET"]}}],"collection":[{"href":"https:\/\/buber.net\/Basque\/wp-json\/wp\/v2\/posts"}],"about":[{"href":"https:\/\/buber.net\/Basque\/wp-json\/wp\/v2\/types\/post"}],"author":[{"embeddable":true,"href":"https:\/\/buber.net\/Basque\/wp-json\/wp\/v2\/users\/1"}],"replies":[{"embeddable":true,"href":"https:\/\/buber.net\/Basque\/wp-json\/wp\/v2\/comments?post=5295"}],"version-history":[{"count":11,"href":"https:\/\/buber.net\/Basque\/wp-json\/wp\/v2\/posts\/5295\/revisions"}],"predecessor-version":[{"id":5376,"href":"https:\/\/buber.net\/Basque\/wp-json\/wp\/v2\/posts\/5295\/revisions\/5376"}],"wp:featuredmedia":[{"embeddable":true,"href":"https:\/\/buber.net\/Basque\/wp-json\/wp\/v2\/media\/5296"}],"wp:attachment":[{"href":"https:\/\/buber.net\/Basque\/wp-json\/wp\/v2\/media?parent=5295"}],"wp:term":[{"taxonomy":"category","embeddable":true,"href":"https:\/\/buber.net\/Basque\/wp-json\/wp\/v2\/categories?post=5295"},{"taxonomy":"post_tag","embeddable":true,"href":"https:\/\/buber.net\/Basque\/wp-json\/wp\/v2\/tags?post=5295"}],"curies":[{"name":"wp","href":"https:\/\/api.w.org\/{rel}","templated":true}]}}