{"id":6159,"date":"2023-04-30T15:00:00","date_gmt":"2023-04-30T15:00:00","guid":{"rendered":"https:\/\/buber.net\/Basque\/?p=6159"},"modified":"2023-04-29T12:42:45","modified_gmt":"2023-04-29T12:42:45","slug":"basque-fact-of-the-week-maritxu-anatol-aristegui-of-the-comet-line","status":"publish","type":"post","link":"https:\/\/buber.net\/Basque\/2023\/04\/30\/basque-fact-of-the-week-maritxu-anatol-aristegui-of-the-comet-line\/","title":{"rendered":"Basque Fact of the Week: Maritxu Anatol Ar\u00edstegui of the Comet Line"},"content":{"rendered":"\n<p class=\"has-cyan-bluish-gray-background-color has-background\">The Basque Country, straddling the border of France and Spain, played a key role during World War II, serving as a conduit for Allied prisoners and Jewish refugees to escape the horrors of the war. Numerous Basques played an important part in helping those people cross the border. In the past, I&#8217;ve highlighted <a href=\"https:\/\/buber.net\/Basque\/2022\/01\/23\/basque-fact-of-the-week-florentino-goikoetxea-smuggler-of-allied-airmen-in-wwii\/\">Florentino Goikoetxea<\/a>, <a href=\"https:\/\/buber.net\/Basque\/2022\/04\/10\/basque-fact-of-the-week-kattalin-agirre-member-of-the-french-resistance\/\">Kattalin Agirre<\/a>, and <a href=\"https:\/\/buber.net\/Basque\/2019\/03\/10\/basque-fact-of-the-week-ana-maria-bidegaray-the-basque-spy\/\">Ana Mar\u00eda Bidegaray<\/a>. Today, it is Maritxu Anatol Ar\u00edstegui&#8217;s turn.<\/p>\n\n\n<div class=\"wp-block-image\">\n<figure class=\"alignright size-full is-resized\"><a href=\"https:\/\/buber.net\/Basque\/wp-content\/uploads\/2023\/02\/maritxu-anatol.jpg\"><img loading=\"lazy\" decoding=\"async\" src=\"https:\/\/buber.net\/Basque\/wp-content\/uploads\/2023\/02\/maritxu-anatol.jpg\" alt=\"\" class=\"wp-image-6161\" width=\"330\" height=\"186\" srcset=\"https:\/\/buber.net\/Basque\/wp-content\/uploads\/2023\/02\/maritxu-anatol.jpg 660w, https:\/\/buber.net\/Basque\/wp-content\/uploads\/2023\/02\/maritxu-anatol-300x169.jpg 300w\" sizes=\"auto, (max-width: 330px) 100vw, 330px\" \/><\/a><figcaption class=\"wp-element-caption\">Maritxu Anatol, along with several of her collaborators of the Comet Line. Photo found on <em><a href=\"https:\/\/www.deia.eus\/politica\/2020\/01\/26\/maritxu-anatol-ultimo-eslabon-red-4729034.html\">Deia<\/a><\/em>.<\/figcaption><\/figure>\n<\/div>\n\n\n<ul class=\"wp-block-list\">\n<li>Mar\u00eda &#8220;Maritxu&#8221; Anatol Ar\u00edstegui was born in Irun (Gizpukoa) on January 24, 1909 to Anatolio Anatol Choperena, of B\u00e9hobie, in Lapurdi, and Concepci\u00f3n Aristegui Vidaurre, of <a href=\"https:\/\/www.irun.org\/eu\/\">Irun<\/a>. As a result, Anatol had dual Spanish-French citizenship. As a young woman, her independent spirit shone through, as she asked to work in her family&#8217;s custom agency, a job that was not viewed as suitable for women. <\/li>\n\n\n\n<li>When the Spanish Civil War broke out, her family moved to the other side of the Bidasoa river, to a house called <em>Kontxesinea<\/em>, in the town of B\u00e9hobie. But it was only a few years later, in 1940, when the Germans confiscated part of <em>Kontxesinea<\/em> so that they could house their soldiers there. The French Resistance, specifically the <a href=\"https:\/\/en.wikipedia.org\/wiki\/Comet_Line\">Comet Line<\/a>, approached her, asking her to gather information and to transport refugees, which she immediately accepted. <\/li>\n\n\n\n<li>Being part of the Comet Line aligned nicely with her adventurous spirit. &#8220;I felt sorry for those boys, the pilots, and I saw that I could help them. That&#8217;s why I started working in the Comet Line,&#8221; she said. &#8220;If I were born again, I would do the same. I would get back into the Resistance. I like risk, adventure and the comfortable life annoys me, the soft life.&#8221;<\/li>\n\n\n\n<li>Her team consisted of at least three other Basques: Mart\u00edn Hurtado de Saracho, Ambrosio San Vicente, and Alejandro Elizalde Irabarren. Anatol said that <a href=\"https:\/\/buber.net\/Basque\/2022\/01\/23\/basque-fact-of-the-week-florentino-goikoetxea-smuggler-of-allied-airmen-in-wwii\/\">Florentino Goicoechea<\/a> was also part of her team. Elizalde was the one that recruited Anatol to the Comet Line.<\/li>\n\n\n\n<li>She and her team helped downed airmen reach safety, providing them with supplies. She would travel to Paris to pick them up and take them by night train, false documents in hand, first to Ambrosio San Vicente&#8217;s place in <a href=\"https:\/\/www.saint-jean-de-luz.com\/en\/\">Saint-Jean-de-Luz<\/a>, and then to <a href=\"https:\/\/en.wikipedia.org\/wiki\/Oiartzun\">Oiartzun<\/a>. She estimated that, in total she helped 39 Jews and 113 airmen cross the border into Spain.<\/li>\n\n\n\n<li>However, the Comet Line for which she worked became distrustful of the seemingly close relationship she and her team had with the Germans and the local officials. She tried to argue that these relationships were necessary to get information, but eventually they cut her off. <\/li>\n\n\n\n<li>On July 13, 1943, she and her team were arrested by the Gestapo. Three of them were deported to Germany, though they survived the experience and ultimately returned home. Anatol herself was taken to Gestapo headquarters in Baiona and the prison in Biarritz, but her calm and steely demeanor during her interrogation led to her release.<\/li>\n\n\n\n<li>For her efforts, she received a communication signed by General <a href=\"https:\/\/en.wikipedia.org\/wiki\/Dwight_D._Eisenhower\">Eisenhower<\/a>, on behalf of the President of the United States, and the Medal of Freedom from both the United States and the United Kingdom, and the Legion of Honor, amongst other recognitions.<\/li>\n\n\n\n<li>After the war, she returned to Ir\u00fan. In 1948, she married Eugenio Angoso. After his death, she became the head of the Marichu Anatol Customs Agency. Maritxu died on August 27, 1981. The street she lived on was renamed in 2014 after her.<\/li>\n<\/ul>\n\n\n\n<p>Primary sources: Rodr\u00edguez \u00c1lvarez, Mikel.&nbsp;<em>Anatol Ar\u00edstegui, Maritxu<\/em>. Au\u00f1amendi Encyclopedia. Available at: <a href=\"https:\/\/aunamendi.eusko-ikaskuntza.eus\/en\/anatol-aristegui-maritxu\/ar-18798\/\">https:\/\/aunamendi.eusko-ikaskuntza.eus\/en\/anatol-aristegui-maritxu\/ar-18798\/<\/a>; <em><a href=\"https:\/\/www.diariovasco.com\/bidasoa\/irun\/201608\/18\/marcha-comete-rinde-homenaje-20160818002003-v.html\">La marcha de la Red Com\u00e8te rinde homenaje a Maritxu Anatol<\/a><\/em>, El Diaro Vasco; <em><a href=\"https:\/\/www.deia.eus\/politica\/2020\/01\/26\/maritxu-anatol-ultimo-eslabon-red-4729034.html\">Maritxu Anatol, el \u00faltimo eslab\u00f3n de la Red Com\u00e8te<\/a><\/em>, Deia; <em><a href=\"https:\/\/ianasagasti.blogs.com\/mi_blog\/2019\/02\/maritxu-anatol-as%C3%AD-fue-la-pimpinela-escarlata-vasca.html\">Maritxu Anatol, as\u00ed fue la &#8220;Pimpinela Escarlata&#8221; Vasca<\/a><\/em><\/p>\n","protected":false},"excerpt":{"rendered":"<p>The Basque Country, straddling the border of France and Spain, played a key role during World War II, serving as a conduit for Allied prisoners and Jewish refugees to escape the horrors of the war. Numerous Basques played an important part in helping those people cross the border. In the past, I&#8217;ve highlighted Florentino Goikoetxea, [&hellip;]<\/p>\n","protected":false},"author":1,"featured_media":6161,"comment_status":"open","ping_status":"open","sticky":false,"template":"","format":"standard","meta":{"advanced_seo_description":"","jetpack_seo_html_title":"","jetpack_seo_noindex":false,"ngg_post_thumbnail":0,"jetpack_post_was_ever_published":false,"_jetpack_newsletter_access":"","_jetpack_dont_email_post_to_subs":false,"_jetpack_newsletter_tier_id":0,"_jetpack_memberships_contains_paywalled_content":false,"_jetpack_memberships_contains_paid_content":false,"footnotes":"","jetpack_publicize_message":"","jetpack_publicize_feature_enabled":true,"jetpack_social_post_already_shared":true,"jetpack_social_options":{"image_generator_settings":{"template":"highway","default_image_id":0,"font":"","enabled":false},"version":2}},"categories":[836,19],"tags":[3662,3663,3661,3658,3659,1032,1343,3657,3660],"class_list":["post-6159","post","type-post","status-publish","format-standard","has-post-thumbnail","hentry","category-basque-fact-of-the-week","category-people","tag-alejandro-elizalde","tag-alejandro-iribarren","tag-ambrosio-san-vicente","tag-anatolia-anatol-choperena","tag-behobie","tag-florentino-goikoextea","tag-irun","tag-maritxu-anatol-aristegui","tag-martin-hurtado-de-saracho"],"jetpack_publicize_connections":[],"jetpack_featured_media_url":"https:\/\/buber.net\/Basque\/wp-content\/uploads\/2023\/02\/maritxu-anatol.jpg","jetpack_sharing_enabled":true,"jetpack_likes_enabled":true,"jetpack_shortlink":"https:\/\/wp.me\/p2sYNu-1Bl","_links":{"self":[{"href":"https:\/\/buber.net\/Basque\/wp-json\/wp\/v2\/posts\/6159","targetHints":{"allow":["GET"]}}],"collection":[{"href":"https:\/\/buber.net\/Basque\/wp-json\/wp\/v2\/posts"}],"about":[{"href":"https:\/\/buber.net\/Basque\/wp-json\/wp\/v2\/types\/post"}],"author":[{"embeddable":true,"href":"https:\/\/buber.net\/Basque\/wp-json\/wp\/v2\/users\/1"}],"replies":[{"embeddable":true,"href":"https:\/\/buber.net\/Basque\/wp-json\/wp\/v2\/comments?post=6159"}],"version-history":[{"count":8,"href":"https:\/\/buber.net\/Basque\/wp-json\/wp\/v2\/posts\/6159\/revisions"}],"predecessor-version":[{"id":6299,"href":"https:\/\/buber.net\/Basque\/wp-json\/wp\/v2\/posts\/6159\/revisions\/6299"}],"wp:featuredmedia":[{"embeddable":true,"href":"https:\/\/buber.net\/Basque\/wp-json\/wp\/v2\/media\/6161"}],"wp:attachment":[{"href":"https:\/\/buber.net\/Basque\/wp-json\/wp\/v2\/media?parent=6159"}],"wp:term":[{"taxonomy":"category","embeddable":true,"href":"https:\/\/buber.net\/Basque\/wp-json\/wp\/v2\/categories?post=6159"},{"taxonomy":"post_tag","embeddable":true,"href":"https:\/\/buber.net\/Basque\/wp-json\/wp\/v2\/tags?post=6159"}],"curies":[{"name":"wp","href":"https:\/\/api.w.org\/{rel}","templated":true}]}}