{"id":6381,"date":"2023-07-09T15:00:00","date_gmt":"2023-07-09T15:00:00","guid":{"rendered":"https:\/\/buber.net\/Basque\/?p=6381"},"modified":"2023-06-24T15:05:13","modified_gmt":"2023-06-24T15:05:13","slug":"basque-fact-of-the-week-jose-francisco-telleria-uribe-the-quack-of-gipuzkoa","status":"publish","type":"post","link":"https:\/\/buber.net\/Basque\/2023\/07\/09\/basque-fact-of-the-week-jose-francisco-telleria-uribe-the-quack-of-gipuzkoa\/","title":{"rendered":"Basque Fact of the Week: Jos\u00e9 Francisco Teller\u00eda Uribe, the Quack of Gipuzkoa"},"content":{"rendered":"\n<p class=\"has-cyan-bluish-gray-background-color has-background\">There are times when someone does something so singular that their name becomes associated with the act, that their name becomes an eponym. In the United States, we sign our John Hancock. A Benedict Arnold is a traitor. And McCarthyism has taken on meaning beyond McCarthy&#8217;s original campaign against communists. Eponyms exist in other languages too, of course. In the Basque Country, there was a long line of healers that were known as Petriquillo or Petrikilo. However, because of one of these healers, Petrikilo has taken on a new meaning: a quack.<\/p>\n\n\n<div class=\"wp-block-image\">\n<figure class=\"alignright size-full is-resized\"><a href=\"https:\/\/buber.net\/Basque\/wp-content\/uploads\/2023\/06\/46030802.jpg\"><img loading=\"lazy\" decoding=\"async\" src=\"https:\/\/buber.net\/Basque\/wp-content\/uploads\/2023\/06\/46030802.jpg\" alt=\"\" class=\"wp-image-6486\" width=\"241\" height=\"331\" srcset=\"https:\/\/buber.net\/Basque\/wp-content\/uploads\/2023\/06\/46030802.jpg 481w, https:\/\/buber.net\/Basque\/wp-content\/uploads\/2023\/06\/46030802-218x300.jpg 218w\" sizes=\"auto, (max-width: 241px) 100vw, 241px\" \/><\/a><figcaption class=\"wp-element-caption\">Cross in Udana (O\u00f1ati, Gipuzkoa) in memory of Jos\u00e9 Francisco Teller\u00eda Uribe. Photo by I\u00f1aki Linazasoro Mat\u00e9, 1986, from <a href=\"https:\/\/aunamendi.eusko-ikaskuntza.eus\/en\/photo\/mu-21237\/\">Au\u00f1amendi Encyclopedia<\/a>.<\/figcaption><\/figure>\n<\/div>\n\n\n<ul class=\"wp-block-list\">\n<li>Jos\u00e9 Francisco Teller\u00eda Uribe was born on October 1, 1774 in the small town of Zerain, in Gipuzkoa, in the Arene baserria. The baserria was owned by his father Francisco Tom\u00e1s, and through helping him with the herding duties on the property, Petrikilo, a nickname inherited from his father, learned the basics of anatomy, botany, and surgery. Jos\u00e9 Francisco was actually the most famous in a dynasty of Petrikilos who had obtained fame for their healing prowess.<\/li>\n\n\n\n<li>During the War of Independence (the <a href=\"https:\/\/en.wikipedia.org\/wiki\/Peninsular_War\">Peninsular War<\/a>), in the years of 1808 and 1809, he worked for the battalions of Gaspar de J\u00e1uregui, known as &#8220;el Pastor&#8221; or &#8220;the Shepherd.&#8221; Even though he didn&#8217;t have a license to practice medicine &#8211; and was even ordered not to &#8211; he attended the wounded soldiers and gained some fame for his abilities. It was during this time that he got to know the future military leader Tom\u00e1s de Zumalac\u00e1rregui. <\/li>\n\n\n\n<li>So many positive testimonials had been submitted on his behalf that, in 1827, he was admitted to an exam by the Royal Superior Board of Surgery. His specialty was broken bones and he was to be tested on his knowledge in this area, in the Basque language. In the end, the powers in Madrid declined the petition and fined him, continuing the ban in his practice of medicine.<\/li>\n\n\n\n<li>He is remembered for his treatment of Zumalac\u00e1rregui. Zumalac\u00e1rregui was wounded in the Siege of Bilbao, a rather minor wound in his leg, on June 15, 1835. Though other professional medical staff were present, Zumalac\u00e1rregui called for Petrikilo to treat his leg. Petrikilo and the other medical staff disagreed on treatment. Though the details differ depending on the account, <a href=\"https:\/\/www.gutenberg.org\/cache\/epub\/35984\/pg35984-images.html\">one<\/a> has Petrikilo awaking in the middle of the night to remove the bullet (though other accounts say he was not the one who removed the bullet). Though deemed a great success at the time, the general died shortly later, with Petrikilo making his quiet escape only a few hours before on the back of a mule. <\/li>\n\n\n\n<li>In reality, with the state of medicine at the time and the complex set of events that happened after Zumalac\u00e1rregui was wounded, <a href=\"https:\/\/www.zumalakarregimuseoa.eus\/eu\/ekintzak-eta-zerbitzuak\/ikerketa-eta-dokumentazioa\/digitalizatutako-ikerlanak\/cronicas-medicas-de-la-primera-guerra-carlista-1833-1840\/cronica-v-zumalacarregui\">it is hard to pin the general&#8217;s death on any one person<\/a>. However, history has chosen Petrikilo as the scapegoat.<\/li>\n\n\n\n<li>After, Petrikilo retired to rural Gipuzkoa, to his native Zerain, of which he became mayor at least once. He died seven years later, on the way back from a trip to O\u00f1ati, on August 11, 1842. One story says that he was in O\u00f1ati to court the daughter of a widow on his son&#8217;s behalf, who had just turned down a proposal for marriage. In 1949, a cross marking the site of his death was rediscovered.<\/li>\n\n\n\n<li>Today, the word petriquillo or petrikilo refers to a healer that specializes in bone fractures. It is relatively common in Gipuzkoa. It is often used pejoratively, meaning quack. <\/li>\n<\/ul>\n\n\n\n<p>Primary sources: <em><a href=\"https:\/\/es.wikipedia.org\/wiki\/Petriquillo\">Petriquillo<\/a><\/em>, Wikipedia; <em><a href=\"https:\/\/en.wikipedia.org\/wiki\/Tom\u00e1s_de_Zumalac\u00e1rregui\">Tom\u00e1s de Zumalac\u00e1rregui<\/a><\/em>, Wikipedia; <em><a href=\"https:\/\/www.o\u00f1ati.eus\/eu\/onati\/historia\/karlistadak\/petrikilloren-heriotza\">Petrikilloren heriotza<\/a><\/em>, O\u00f1ati dabilen herria; Arozamena Ayala, Ainhoa.&nbsp;<em>Teller\u00eda Uribe, Jos\u00e9 Francisco<\/em>. Enciclopedia Au\u00f1amendi. Available at: <a href=\"https:\/\/aunamendi.eusko-ikaskuntza.eus\/es\/telleria-uribe-jose-francisco\/ar-139448\/\">https:\/\/aunamendi.eusko-ikaskuntza.eus\/es\/telleria-uribe-jose-francisco\/ar-139448\/<\/a><\/p>\n","protected":false},"excerpt":{"rendered":"<p>There are times when someone does something so singular that their name becomes associated with the act, that their name becomes an eponym. In the United States, we sign our John Hancock. A Benedict Arnold is a traitor. And McCarthyism has taken on meaning beyond McCarthy&#8217;s original campaign against communists. Eponyms exist in other languages [&hellip;]<\/p>\n","protected":false},"author":1,"featured_media":6486,"comment_status":"open","ping_status":"open","sticky":false,"template":"","format":"standard","meta":{"advanced_seo_description":"","jetpack_seo_html_title":"","jetpack_seo_noindex":false,"ngg_post_thumbnail":0,"jetpack_post_was_ever_published":false,"_jetpack_newsletter_access":"","_jetpack_dont_email_post_to_subs":false,"_jetpack_newsletter_tier_id":0,"_jetpack_memberships_contains_paywalled_content":false,"_jetpack_memberships_contains_paid_content":false,"footnotes":"","jetpack_publicize_message":"","jetpack_publicize_feature_enabled":true,"jetpack_social_post_already_shared":true,"jetpack_social_options":{"image_generator_settings":{"template":"highway","default_image_id":0,"font":"","enabled":false},"version":2}},"categories":[836,19],"tags":[3776,3783,178,268,3784,3785,3775,2551,271],"class_list":["post-6381","post","type-post","status-publish","format-standard","has-post-thumbnail","hentry","category-basque-fact-of-the-week","category-people","tag-gaspar-jauregui","tag-jose-francisco-telleria-uribe","tag-onati","tag-peninsular-war","tag-petrikilo","tag-petriquillo","tag-tomas-zumalakarregi","tag-war-of-independence","tag-zerain"],"jetpack_publicize_connections":[],"jetpack_featured_media_url":"https:\/\/buber.net\/Basque\/wp-content\/uploads\/2023\/06\/46030802.jpg","jetpack_sharing_enabled":true,"jetpack_likes_enabled":true,"jetpack_shortlink":"https:\/\/wp.me\/p2sYNu-1EV","_links":{"self":[{"href":"https:\/\/buber.net\/Basque\/wp-json\/wp\/v2\/posts\/6381","targetHints":{"allow":["GET"]}}],"collection":[{"href":"https:\/\/buber.net\/Basque\/wp-json\/wp\/v2\/posts"}],"about":[{"href":"https:\/\/buber.net\/Basque\/wp-json\/wp\/v2\/types\/post"}],"author":[{"embeddable":true,"href":"https:\/\/buber.net\/Basque\/wp-json\/wp\/v2\/users\/1"}],"replies":[{"embeddable":true,"href":"https:\/\/buber.net\/Basque\/wp-json\/wp\/v2\/comments?post=6381"}],"version-history":[{"count":4,"href":"https:\/\/buber.net\/Basque\/wp-json\/wp\/v2\/posts\/6381\/revisions"}],"predecessor-version":[{"id":6487,"href":"https:\/\/buber.net\/Basque\/wp-json\/wp\/v2\/posts\/6381\/revisions\/6487"}],"wp:featuredmedia":[{"embeddable":true,"href":"https:\/\/buber.net\/Basque\/wp-json\/wp\/v2\/media\/6486"}],"wp:attachment":[{"href":"https:\/\/buber.net\/Basque\/wp-json\/wp\/v2\/media?parent=6381"}],"wp:term":[{"taxonomy":"category","embeddable":true,"href":"https:\/\/buber.net\/Basque\/wp-json\/wp\/v2\/categories?post=6381"},{"taxonomy":"post_tag","embeddable":true,"href":"https:\/\/buber.net\/Basque\/wp-json\/wp\/v2\/tags?post=6381"}],"curies":[{"name":"wp","href":"https:\/\/api.w.org\/{rel}","templated":true}]}}