{"id":6574,"date":"2023-09-03T15:00:00","date_gmt":"2023-09-03T15:00:00","guid":{"rendered":"https:\/\/buber.net\/Basque\/?p=6574"},"modified":"2023-09-02T14:05:23","modified_gmt":"2023-09-02T14:05:23","slug":"basque-fact-of-the-week-how-eucalyptus-became-banned-in-bizkaia","status":"publish","type":"post","link":"https:\/\/buber.net\/Basque\/2023\/09\/03\/basque-fact-of-the-week-how-eucalyptus-became-banned-in-bizkaia\/","title":{"rendered":"Basque Fact of the Week: How Eucalyptus Became Banned in Bizkaia"},"content":{"rendered":"\n<p class=\"has-cyan-bluish-gray-background-color has-background\">On the way down from <a href=\"https:\/\/buber.net\/Basque\/2023\/08\/27\/basque-fact-of-the-week-mount-oiz\/\">Mount Oiz<\/a>, as we took the back road that passed by Goikoetxebarri &#8211; my dad&#8217;s childhood home &#8211; Jon Zuazo told us about how the pine trees of the surrounding forests were dying and how eucalyptus had been recruited to replace it. However, because eucalyptus can be so hard on the surrounding lands, the government of Bizkaia is imposing a moratorium on planting new eucalyptus trees. How did things get so bad?<\/p>\n\n\n<div class=\"wp-block-image\">\n<figure class=\"alignright size-full is-resized\"><a href=\"https:\/\/buber.net\/Basque\/wp-content\/uploads\/2023\/08\/af7c0271-86dd-4d87-8afa-181f73a8c656_16-9-aspect-ratio_default_0.jpg\"><img loading=\"lazy\" decoding=\"async\" src=\"https:\/\/buber.net\/Basque\/wp-content\/uploads\/2023\/08\/af7c0271-86dd-4d87-8afa-181f73a8c656_16-9-aspect-ratio_default_0.jpg\" alt=\"\" class=\"wp-image-6576\" style=\"width:220px;height:124px\" width=\"220\" height=\"124\" srcset=\"https:\/\/buber.net\/Basque\/wp-content\/uploads\/2023\/08\/af7c0271-86dd-4d87-8afa-181f73a8c656_16-9-aspect-ratio_default_0.jpg 880w, https:\/\/buber.net\/Basque\/wp-content\/uploads\/2023\/08\/af7c0271-86dd-4d87-8afa-181f73a8c656_16-9-aspect-ratio_default_0-300x169.jpg 300w, https:\/\/buber.net\/Basque\/wp-content\/uploads\/2023\/08\/af7c0271-86dd-4d87-8afa-181f73a8c656_16-9-aspect-ratio_default_0-768x432.jpg 768w\" sizes=\"auto, (max-width: 220px) 100vw, 220px\" \/><\/a><figcaption class=\"wp-element-caption\">A eucalyptus plantation, photo from <a href=\"https:\/\/www.deia.eus\/bizkaia\/2022\/04\/13\/bizkaia-podran-plantar-eucaliptos-2026-1713266.html\">Deia<\/a>.<\/figcaption><\/figure>\n<\/div>\n\n\n<ul class=\"wp-block-list\">\n<li>There is no doubt that <a href=\"https:\/\/en.wikipedia.org\/wiki\/Eucalyptus\">eucalyptus<\/a> is an economically profitable tree crop. Native primarily to Australia, it grows quickly &#8211; 13-15 years to cutting, compared to 35 for pine, 100 for beech, and 130 for oak. Its wood has a number of uses, from ornamentation and firewood to being used as fence posts and to help prevent erosion. It is also used in the extraction of biofuels. Because of all of these factors, it is the most widely grown tree in plantations. However, their fast growth comes at a cost &#8211; they consume a great deal of water.<\/li>\n\n\n\n<li>In the Basque Country, eucalyptus has been seen as a replacement for the pine trees that are being killed by brown band disease (&#8220;banda marr\u00f3n&#8221; in Spanish, not sure if this is <a href=\"https:\/\/extension.umn.edu\/plant-diseases\/brown-spot-needle-blight\">brown spot needle blight<\/a> or <a href=\"https:\/\/extension.umn.edu\/plant-diseases\/dothistroma-needle-blight\">Dothistroma needle blight<\/a>). Compounded by drops in lumber prices, the Basque forest industry saw eucalyptus as a viable path toward economic profitability. As of March, 2021, eucalyptus covered 3.5% of the Basque Autonomous Community (Bizkaia, Gipuzkoa, and Araba), up by 5 times in the last 35 years. Much of the expansion in eucalyptus has occurred in Bizkaia, which has some 20,000 hectares of the trees. In some places, 50% of the trees have been replaced by eucalyptus. <\/li>\n\n\n\n<li>However, eucalyptus has many down sides for the local environment. It releases biochemical compounds that are harmful to other plants and to animals. It soaks up lots of water, further compounding the effect on other plants. All of this impacts biodiversity. For example, the amphibian population has fallen by 50%. There are also fewer birds and insects in regions with eucalyptus. <\/li>\n\n\n\n<li>On April 13, 2022, the government of Bizkaia passed a <a href=\"https:\/\/basoa.org\/es\/comunicacion\/urgentes\/3557-publicada-la-modificacion-de-la-norma-foral-de-montes-de-bizkaia-que-establece-una-moratoria-a-las-nuevas-plantaciones-de-eucalipto#\">moratorium<\/a> on the planting of new eucalyptus trees until 2026. The goal is to develop a long term and sustainable forestry plan for the province.<\/li>\n\n\n\n<li>The pines that are being replaced by eucalyptus are, themselves, not native to the Basque Country. The native forests contained oak, beech (the <a href=\"https:\/\/www.france.fr\/en\/biarritz-basque-country\/list\/iraty-forest-basque-country#\">Iraty<\/a> forest is the largest beech forest in Europe), birch, and ash trees, amongst others, including <a href=\"https:\/\/buber.net\/Basque\/2019\/03\/03\/basque-fact-of-the-week-hard-apple-cider-once-dominated-basque-life\/\">apple<\/a>. There is a story that the man my mom&#8217;s grandparents worked for in Ispaster, who owned a palace there, gained his wealth by introducing pines to the Basque Country. (It was <a href=\"https:\/\/www.euskadi.eus\/contenidos\/boletin_revista\/sustrai_75\/eu_agripes\/adjuntos\/75_56_59_c.pdf\">Mario Ad\u00e1n de Yarza <\/a>of Ispaster who first planted these trees on his land in 1857.) These were <a href=\"https:\/\/etorki.com\/en\/radiata-pine\/\">radiata pine<\/a>, native to California, and now representing <a href=\"https:\/\/www.phytoma.com\/noticias\/noticias-de-actualidad\/un-tercio-de-los-pinos-del-pais-vasco-afectado-por-enfermedades-fungicas\">33% of the forests<\/a> in the Basque Country. When the pine was introduced, the Basque forests had been decimated by overuse and the pines brought new life to them. Further, because its lifecycle is only 30 years to maturity, it proved profitable for the baserritarak who called it &#8220;green gold.&#8221;<\/li>\n<\/ul>\n\n\n\n<p>Primary sources: <em><a href=\"https:\/\/www.naiz.eus\/en\/info\/noticia\/20210314\/eucalipto-un-arbol-maldito-para-nuestros-bosques-y-rios\">Eucalipto, un \u00e1rbol maldito para nuestros bosques y r\u00edos<\/a><\/em> by Mikel Zubimendi, Naiz; <em><a href=\"https:\/\/www.landk.es\/la-restauracion-de-los-bosques-autoctonos-del-pais-vasco\/\">La restauraci\u00f3n de los bosques aut\u00f3ctonos del Pa\u00eds Vasco<\/a><\/em>, LandK; <em><a href=\"https:\/\/www.diariovasco.com\/prensa\/20061007\/aldia\/pino-radiata-llego-denominarse_20061007.html\">\u00abEl pino radiata lleg\u00f3 a denominarse &#8216;oro verde&#8217; por su gran rentabilidad\u00bb<\/a><\/em> by Miguel Villameriel, El Diario Vasco; <a href=\"https:\/\/www.euskadi.eus\/contenidos\/boletin_revista\/sustrai_75\/eu_agripes\/adjuntos\/75_56_59_c.pdf\"><em>El pino radiata en la historia forestal vasca<\/em><\/a> by Mario Michel.<\/p>\n","protected":false},"excerpt":{"rendered":"<p>On the way down from Mount Oiz, as we took the back road that passed by Goikoetxebarri &#8211; my dad&#8217;s childhood home &#8211; Jon Zuazo told us about how the pine trees of the surrounding forests were dying and how eucalyptus had been recruited to replace it. However, because eucalyptus can be so hard on [&hellip;]<\/p>\n","protected":false},"author":1,"featured_media":6576,"comment_status":"open","ping_status":"open","sticky":false,"template":"","format":"standard","meta":{"advanced_seo_description":"","jetpack_seo_html_title":"","jetpack_seo_noindex":false,"ngg_post_thumbnail":0,"jetpack_post_was_ever_published":false,"_jetpack_newsletter_access":"","_jetpack_dont_email_post_to_subs":false,"_jetpack_newsletter_tier_id":0,"_jetpack_memberships_contains_paywalled_content":false,"_jetpack_memberships_contains_paid_content":false,"footnotes":"","jetpack_publicize_message":"","jetpack_publicize_feature_enabled":true,"jetpack_social_post_already_shared":true,"jetpack_social_options":{"image_generator_settings":{"template":"highway","default_image_id":0,"font":"","enabled":false},"version":2}},"categories":[836,8],"tags":[3832,383,3826,3827,3825,3828,3829,3831,3830],"class_list":["post-6574","post","type-post","status-publish","format-standard","has-post-thumbnail","hentry","category-basque-fact-of-the-week","category-euskadi","tag-beech","tag-bizkaia","tag-brown-spot-need-blight","tag-dothistroma-needle-blight","tag-eucalyptus","tag-iraty","tag-mario-adan-de-yarza","tag-oak","tag-radiata-pine"],"jetpack_publicize_connections":[],"jetpack_featured_media_url":"https:\/\/buber.net\/Basque\/wp-content\/uploads\/2023\/08\/af7c0271-86dd-4d87-8afa-181f73a8c656_16-9-aspect-ratio_default_0.jpg","jetpack_sharing_enabled":true,"jetpack_likes_enabled":true,"jetpack_shortlink":"https:\/\/wp.me\/p2sYNu-1I2","_links":{"self":[{"href":"https:\/\/buber.net\/Basque\/wp-json\/wp\/v2\/posts\/6574","targetHints":{"allow":["GET"]}}],"collection":[{"href":"https:\/\/buber.net\/Basque\/wp-json\/wp\/v2\/posts"}],"about":[{"href":"https:\/\/buber.net\/Basque\/wp-json\/wp\/v2\/types\/post"}],"author":[{"embeddable":true,"href":"https:\/\/buber.net\/Basque\/wp-json\/wp\/v2\/users\/1"}],"replies":[{"embeddable":true,"href":"https:\/\/buber.net\/Basque\/wp-json\/wp\/v2\/comments?post=6574"}],"version-history":[{"count":5,"href":"https:\/\/buber.net\/Basque\/wp-json\/wp\/v2\/posts\/6574\/revisions"}],"predecessor-version":[{"id":6653,"href":"https:\/\/buber.net\/Basque\/wp-json\/wp\/v2\/posts\/6574\/revisions\/6653"}],"wp:featuredmedia":[{"embeddable":true,"href":"https:\/\/buber.net\/Basque\/wp-json\/wp\/v2\/media\/6576"}],"wp:attachment":[{"href":"https:\/\/buber.net\/Basque\/wp-json\/wp\/v2\/media?parent=6574"}],"wp:term":[{"taxonomy":"category","embeddable":true,"href":"https:\/\/buber.net\/Basque\/wp-json\/wp\/v2\/categories?post=6574"},{"taxonomy":"post_tag","embeddable":true,"href":"https:\/\/buber.net\/Basque\/wp-json\/wp\/v2\/tags?post=6574"}],"curies":[{"name":"wp","href":"https:\/\/api.w.org\/{rel}","templated":true}]}}