{"id":8029,"date":"2025-11-09T15:00:00","date_gmt":"2025-11-09T15:00:00","guid":{"rendered":"https:\/\/buber.net\/Basque\/?p=8029"},"modified":"2025-11-06T03:54:14","modified_gmt":"2025-11-06T03:54:14","slug":"basque-fact-of-the-week-chile-the-most-basque-country-on-earth","status":"publish","type":"post","link":"https:\/\/buber.net\/Basque\/2025\/11\/09\/basque-fact-of-the-week-chile-the-most-basque-country-on-earth\/","title":{"rendered":"Basque Fact of the Week: Chile, the Most Basque Country on Earth?"},"content":{"rendered":"\n<p class=\"has-cyan-bluish-gray-background-color has-background\">&#8220;There are at least two things that can clearly be attributed to Basque ingenuity: the Society of Jesus and the Republic of Chile.&#8221; &#8211; <a href=\"https:\/\/buber.net\/Basque\/2022\/12\/04\/basque-fact-of-the-week-miguel-de-unamuno\/\">Miguel de Unamuno<\/a><br><br>When we think about Basque emigration and the Basque diaspora, places like Argentina and Idaho are the first to come to mind. But, as I recently learned, Chile drew a large number of Basques. Whether for the rugged landscape and nearby coast or simply because that was were earlier relatives had gone or the economic opportunities were so tempting, many Basques made their way to Chile such that, today, maybe 25-30 percent of Chileans have a Basque surname.<\/p>\n\n\n<div class=\"wp-block-image\">\n<figure class=\"alignright size-medium\"><a href=\"https:\/\/buber.net\/Basque\/wp-content\/uploads\/2025\/09\/image-2.png\"><img loading=\"lazy\" decoding=\"async\" width=\"300\" height=\"234\" src=\"https:\/\/buber.net\/Basque\/wp-content\/uploads\/2025\/09\/image-2-300x234.png\" alt=\"\" class=\"wp-image-8030\" srcset=\"https:\/\/buber.net\/Basque\/wp-content\/uploads\/2025\/09\/image-2-300x234.png 300w, https:\/\/buber.net\/Basque\/wp-content\/uploads\/2025\/09\/image-2.png 600w\" sizes=\"auto, (max-width: 300px) 100vw, 300px\" \/><\/a><figcaption class=\"wp-element-caption\">A member of the Mapuche performing a ceremony to bless the Ikurrina. Photo from <a href=\"https:\/\/www.euskalkultura.eus\/english\/news\/in-chile-with-the-mapuche-people-solidarity-in-miami-and-trikitixa-in-ny-more-stories-about-aberri-eguna-2014\">Euskal Kultura<\/a>.<\/figcaption><\/figure>\n<\/div>\n\n\n<ul class=\"wp-block-list\">\n<li>Before the arrival of Europeans, the predominant group of people living in what is now Chile were the&nbsp;<a href=\"https:\/\/en.wikipedia.org\/wiki\/Mapuche\">Mapuche<\/a>. The Mapuche, primarily located in south-central Chile, first settled in the region sometime around 500-600 BCE. They resisted incursions from the nearby <a href=\"https:\/\/en.wikipedia.org\/wiki\/Inca_Empire\">Inca<\/a> and maybe numbered 700,000 to 900,000 when Europeans arrived. Today, they make up about 9% of Chile&#8217;s population.<\/li>\n\n\n\n<li>The first European to set foot on what is now Chile was <a href=\"https:\/\/en.wikipedia.org\/wiki\/Ferdinand_Magellan\">Ferdinand Magellan<\/a>, in 1520 during his attempt to <a href=\"https:\/\/buber.net\/Basque\/2019\/03\/31\/basque-fact-of-the-week-the-first-person-to-intentionally-sail-around-the-world-was-basque\/\">circumnavigate the globe<\/a>. It wasn&#8217;t long before the Spanish crown began exploring the region, with colonists and conquistadors arriving in 1535. Several <a href=\"https:\/\/nabasque.eus\/images\/astero\/2007\/Basque%20Chronology.pdf\">Basques were amongst that first wave<\/a>, including the Bilbainos Mart\u00edn de Cote, Francisco Galdemes, Francisco de Is\u00e1saga, Domingo de la Orta,&nbsp;and&nbsp;Juan de Larra\u00f1aga; fellow Bizkaian&nbsp;Ort\u00fan Jim\u00e9nez de Bertendona; and the Gipuzkoans&nbsp;Pedro de Z\u00e1rate&nbsp;and&nbsp;Gaspar de Bergara. <\/li>\n\n\n\n<li>Of the families that settled Chile from the Iberian peninsula in the 1500s &#8211; 157 in total &#8211; 39 had Basque names. <\/li>\n\n\n\n<li>The capital of Chile, <a href=\"https:\/\/en.wikipedia.org\/wiki\/Santiago\">Santiago<\/a>, founded in 1541, was designed by <a href=\"https:\/\/es.wikipedia.org\/wiki\/Pedro_de_Gamboa\">Pedro de Gamboa<\/a>, whose parents were from Bizkaia. Supposedly his friend played the txistu while he was working on the city plans.<\/li>\n\n\n\n<li>This was only the first wave of Basque immigration to Chile. In fact, even greater influxes occurred in the 18th, 19th, and 20th centuries. In the 18th century, there was such a huge number of Basques coming to the country that, by the end of the century, some 30% of Chileans had Basque ancestry. While much of that immigration was from Hegoalde, starting in the 19th century Basques from Iparralde also started arriving. The Carlist Wars and the Spanish Civil War both led to large bumps in Basque immigration to Chile.<\/li>\n\n\n\n<li>Basques established themselves as part of the elite of the country, in part due to success in business and their ties back to Iberia, but also because of favorable laws that enabled property to be passed down to single heirs rather than being broken up. Thus, Basques and their descendants have been part of the Chilean elite &#8211; the <a href=\"https:\/\/en.wikipedia.org\/wiki\/Castilian-Basque_aristocracy\">Castilian-Basque aristocracy<\/a> &#8211; and ruling class for centuries. However, the shear number of Basques in the country also means that many people in other parts of Chilean society can trace ancestry to the Basque Country.<\/li>\n\n\n\n<li>As a consequence of the Basque presence in Chile, many important Chileans have had Basque connections. A few examples include:\n<ul class=\"wp-block-list\">\n<li><a href=\"https:\/\/en.wikipedia.org\/wiki\/Bernardo_O%27Higgins\">Bernardo O&#8217;Higgins<\/a>, who led Chile&#8217;s war of independence from Spain and was Chile&#8217;s second Supreme Director, was of Basque heritage through his mother <a href=\"https:\/\/en.wikipedia.org\/wiki\/Isabel_Riquelme\">Isabel Riquelme<\/a>, daughter of Sim\u00f3n Riquelme de la Barrera y Goycochea. <\/li>\n\n\n\n<li>The Allendes &#8211; <a href=\"https:\/\/aunamendi.eusko-ikaskuntza.eus\/eu\/allende\/ar-9444\/\">Allende<\/a> is a Basque name meaning &#8220;on the other side&#8221; &#8211; have played an extremely large role in Chilean society and politics, including author <a href=\"https:\/\/en.wikipedia.org\/wiki\/Isabel_Allende\">Isabel Allende<\/a> and her first cousin once removed <a href=\"https:\/\/en.wikipedia.org\/wiki\/Salvador_Allende\">Salvador Allende<\/a>, who was president of Chile from 1970 to 1973. Other presidents of Chile have also had Basque heritage, including <a href=\"https:\/\/en.wikipedia.org\/wiki\/Jos%C3%A9_Manuel_Balmaceda\">Jos\u00e9 Manuel Balmaceda<\/a>, <a href=\"https:\/\/en.wikipedia.org\/wiki\/Federico_Err%C3%A1zuriz_Za%C3%B1artu\">Federico Err\u00e1zuriz Za\u00f1artu<\/a>, and <a href=\"https:\/\/en.wikipedia.org\/wiki\/Sebasti%C3%A1n_Pi%C3%B1era\">Sebasti\u00e1n Pi\u00f1era Echenique<\/a>.<\/li>\n\n\n\n<li>Actor <a href=\"https:\/\/en.wikipedia.org\/wiki\/Pedro_Pascal\">Pedro Pascal<\/a>&#8216;s parents are Ver\u00f3nica Pascal Ureta and Jos\u00e9 Balmaceda Riera, who is a member of that aristocracy.<\/li>\n\n\n\n<li><a href=\"https:\/\/en.wikipedia.org\/wiki\/Augusto_Pinochet\">Augusto Pinochet<\/a>, who led the military coup that overthrew Salvador Allende, was dictator of Chile from 1974 to 1990. His mother, Avelina Ugarte Mart\u00ednez, was of Basque descent.<\/li>\n\n\n\n<li><a href=\"https:\/\/en.wikipedia.org\/wiki\/Alberto_Hurtado\">Alberto Hurtado Cruchaga<\/a>, Chile&#8217;s second saint, was canonized in 2005.<\/li>\n\n\n\n<li><a href=\"https:\/\/en.wikipedia.org\/wiki\/Gabriela_Mistral\">Gabriela Mistral<\/a> (born Lucila Godoy Alcayaga) won the Nobel Prize in Literature in 1945. <\/li>\n\n\n\n<li><a href=\"https:\/\/en.wikipedia.org\/wiki\/Pablo_Neruda\">Pablo Neruda<\/a> (born Ricardo Eli\u00e9cer Neftal\u00ed Reyes Basoalto), who won the same prize in 1971, is speculated to have had Basque heritage, though definitive links are missing. Basoalto is possibly a Basque name meaning &#8220;next to the forest&#8221; or &#8220;the elevated forest&#8221; (though some sources say it is a Spanish name meaning &#8220;high foundation or base&#8221;). He <a href=\"https:\/\/www.eusko-ikaskuntza.eus\/eu\/solasaldiak\/una-historia-de-amor-de-4-siglos-y-unos-aos-ms\/ea-0307015001C\/\">denied his Basque heritage<\/a>, though, perhaps because of its association with the aristocracy of his country.<\/li>\n<\/ul>\n<\/li>\n\n\n\n<li>It is estimated that 10-30 percent of Chileans today have Basque heritage, translating to between 1.6 to 5 million people. Given that the population of the Basque Country is just over 3 million, Chile perhaps has more people of Basque heritage than the Basque Country.<\/li>\n<\/ul>\n\n\n\n<p class=\"has-cyan-bluish-gray-background-color has-background\">A full list of all of Buber&#8217;s Basque Facts of the Week can be found in the <a href=\"https:\/\/buber.net\/Basque\/basque-fact-of-the-week-archive\/\">Archive<\/a>.<\/p>\n\n\n\n<p>Primary sources: <em><a href=\"https:\/\/en.wikipedia.org\/wiki\/Chile\">Chile<\/a><\/em>, Wikipedia; <em><a href=\"https:\/\/en.wikipedia.org\/wiki\/Basque_Chileans\">Basque Chileans<\/a><\/em>, Wikipedia; <em><a href=\"https:\/\/es.wikipedia.org\/wiki\/Inmigraci\u00f3n_vasca_en_Chile\">Inmigraci\u00f3n vasca en Chile<\/a><\/em>, Wikipedia; Estorn\u00e9s Lasa, Mariano.&nbsp;<em>Chile<\/em>. Au\u00f1amendi Encyclopedia, 2025. Available at: <a href=\"https:\/\/aunamendi.eusko-ikaskuntza.eus\/en\/chile\/ar-46423\/\">https:\/\/aunamendi.eusko-ikaskuntza.eus\/en\/chile\/ar-46423\/<\/a><\/p>\n","protected":false},"excerpt":{"rendered":"<p>&#8220;There are at least two things that can clearly be attributed to Basque ingenuity: the Society of Jesus and the Republic of Chile.&#8221; &#8211; Miguel de Unamuno When we think about Basque emigration and the Basque diaspora, places like Argentina and Idaho are the first to come to mind. But, as I recently learned, Chile [&hellip;]<\/p>\n","protected":false},"author":1,"featured_media":8030,"comment_status":"open","ping_status":"open","sticky":false,"template":"","format":"standard","meta":{"advanced_seo_description":"","jetpack_seo_html_title":"","jetpack_seo_noindex":false,"ngg_post_thumbnail":0,"jetpack_post_was_ever_published":false,"_jetpack_newsletter_access":"","_jetpack_dont_email_post_to_subs":false,"_jetpack_newsletter_tier_id":0,"_jetpack_memberships_contains_paywalled_content":false,"_jetpack_memberships_contains_paid_content":false,"footnotes":"","jetpack_publicize_message":"","jetpack_publicize_feature_enabled":true,"jetpack_social_post_already_shared":true,"jetpack_social_options":{"image_generator_settings":{"template":"highway","default_image_id":0,"font":"","enabled":false},"version":2}},"categories":[836,5],"tags":[4239,274,4237,4238,4240],"class_list":["post-8029","post","type-post","status-publish","format-standard","has-post-thumbnail","hentry","category-basque-fact-of-the-week","category-diaspora","tag-castilian-basque-aristocracy","tag-chile","tag-mapuche","tag-pedro-de-gamboa","tag-pedro-pascal"],"jetpack_publicize_connections":[],"jetpack_featured_media_url":"https:\/\/buber.net\/Basque\/wp-content\/uploads\/2025\/09\/image-2.png","jetpack_sharing_enabled":true,"jetpack_likes_enabled":true,"jetpack_shortlink":"https:\/\/wp.me\/p2sYNu-25v","_links":{"self":[{"href":"https:\/\/buber.net\/Basque\/wp-json\/wp\/v2\/posts\/8029","targetHints":{"allow":["GET"]}}],"collection":[{"href":"https:\/\/buber.net\/Basque\/wp-json\/wp\/v2\/posts"}],"about":[{"href":"https:\/\/buber.net\/Basque\/wp-json\/wp\/v2\/types\/post"}],"author":[{"embeddable":true,"href":"https:\/\/buber.net\/Basque\/wp-json\/wp\/v2\/users\/1"}],"replies":[{"embeddable":true,"href":"https:\/\/buber.net\/Basque\/wp-json\/wp\/v2\/comments?post=8029"}],"version-history":[{"count":3,"href":"https:\/\/buber.net\/Basque\/wp-json\/wp\/v2\/posts\/8029\/revisions"}],"predecessor-version":[{"id":8083,"href":"https:\/\/buber.net\/Basque\/wp-json\/wp\/v2\/posts\/8029\/revisions\/8083"}],"wp:featuredmedia":[{"embeddable":true,"href":"https:\/\/buber.net\/Basque\/wp-json\/wp\/v2\/media\/8030"}],"wp:attachment":[{"href":"https:\/\/buber.net\/Basque\/wp-json\/wp\/v2\/media?parent=8029"}],"wp:term":[{"taxonomy":"category","embeddable":true,"href":"https:\/\/buber.net\/Basque\/wp-json\/wp\/v2\/categories?post=8029"},{"taxonomy":"post_tag","embeddable":true,"href":"https:\/\/buber.net\/Basque\/wp-json\/wp\/v2\/tags?post=8029"}],"curies":[{"name":"wp","href":"https:\/\/api.w.org\/{rel}","templated":true}]}}